{"id":3758,"date":"2017-04-11T21:23:01","date_gmt":"2017-04-11T19:23:01","guid":{"rendered":"https:\/\/sboverseas.org\/?p=3758"},"modified":"2017-04-11T21:23:01","modified_gmt":"2017-04-11T19:23:01","slug":"bruxelles-accueille-la-conference-sur-le-futur-de-la-syrie","status":"publish","type":"post","link":"https:\/\/sboverseas.org\/nl\/bruxelles-accueille-la-conference-sur-le-futur-de-la-syrie\/","title":{"rendered":"Bruxelles accueille la conf\u00e9rence sur le futur de la Syrie"},"content":{"rendered":"<p><b><\/b><b><i>La conf\u00e9rence \u00e0 Bruxelles \u00ab&nbsp;Soutenir l\u2019avenir de la Syrie et de la r\u00e9gion&nbsp;\u00bb a eu lieu la semaine derni\u00e8re les 4 et 5 avril 2017. L\u2019Union Europ\u00e9enne, les Nations Unies, ainsi que le gouvernement d\u2019Allemagne, du Kowe\u00eft, de la Norv\u00e8ge, du Qatar et de la Grande Bretagne ont pris part \u00e0 la conf\u00e9rence.<\/i><\/b><\/p>\n<p>La conf\u00e9rence \u00e0 Bruxelles \u00ab&nbsp;Soutenir l\u2019avenir de la Syrie et de la r\u00e9gion&nbsp;\u00bb a eu lieu la semaine derni\u00e8re, les 4 et 5 avril 2017. Toute l\u2019Europe et d\u2019autres pays dans le monde ont \u00e9t\u00e9 secou\u00e9s par la r\u00e9alit\u00e9 de la guerre en Syrie, alors que la crise des r\u00e9fugi\u00e9s est une question plus urgente que jamais. Jusqu\u2019ici, <a href=\"https:\/\/ec.europa.eu\/echo\/files\/aid\/countries\/factsheets\/syria_en.pdf\">pr\u00e8s de 5 millions de r\u00e9fugi\u00e9s ont trouv\u00e9 refuge dans des pays \u00e9trangers<\/a>. Les ministres de 70 pays et des organisations internationales \u00e9taient pr\u00e9sents, ce qui a rendu cette conf\u00e9rence unique. L\u2019urgence qu\u2019est de discuter du futur de la Syrie est claire pour le monde entier, tant que les syriens ne vivent pas dans une situation de paix.<\/p>\n<p>Les discussions se sont concentr\u00e9es sur le futur de la Syrie, les cons\u00e9quences de la guerre pour les pays voisins, mais \u00e9galement sur l\u2019importance d\u2019apporter du soutien aux pays d\u2019accueil qui doivent g\u00e9rer la crise des r\u00e9fugi\u00e9s. Les images et des vid\u00e9os de l\u2019attaque chimique dans la province d\u2019Idlib, qui a eu lieu le m\u00eame jour que la conf\u00e9rence, a jet\u00e9 une ombre noire sur les proc\u00e9dures. Steffan de Mistura, l\u2019envoy\u00e9 sp\u00e9cial des Nations Unies pour la Syrie, a condamn\u00e9 l\u2019attaque et a exprim\u00e9 les frustrations de tous lorsqu\u2019il a dit&nbsp;que :<\/p>\n<p>\u00ab&nbsp;Chaque fois que nous avons un moment pendant lequel la communaut\u00e9 internationale est capable de s\u2019unir, il y a quelqu\u2019un, d\u2019une quelconque fa\u00e7on, qui essaie d\u2019affaiblir ce sentiment d\u2019espoir en produisant un sentiment d\u2019horreur et d\u2019outrage&nbsp;\u00bb<\/p>\n<p>La difficile r\u00e9alit\u00e9 de la guerre syrienne est que la crise des r\u00e9fugi\u00e9s est en train de devenir insoutenable pour toutes les parties impliqu\u00e9es, avec le <a href=\"http:\/\/www.thenational.ae\/world\/middle-east\/lebanon-prime-minister-pleads-for-financial-support-ahead-of-syria-conference\">premier ministre Saad Hariri qui dit que le pays \u00e0 besoin de soutien financier<\/a>, parce qu\u2019ils sont \u00ab&nbsp;proches du point de rupture&nbsp;\u00bb.<\/p>\n<p>Le monde n\u2019a pas encore rassembl\u00e9 les ressources n\u00e9cessaires pour faire face aux cons\u00e9quences de la guerre en Syrie \u2013 les engagements que sont de rassembler 6 milliards de dollars en aide pour la Syrie sont un bon point de d\u00e9part, mais il faut que plus de choses soient faites.<span class=\"Apple-converted-space\">&nbsp;<\/span><\/p>\n<p>L\u2019aboutissement de cette discussion est d\u2019adopter un \u00ab&nbsp;processus de transition conduit par la Syrie&nbsp;\u00bb. <a href=\"http:\/\/www.un.org\/apps\/news\/story.asp?NewsID=43429#.WOeIDhiw2Rt\">Un discours similaire avait \u00e9t\u00e9 prononc\u00e9<\/a> apr\u00e8s une r\u00e9union de 2012 des Nations Unies nomm\u00e9 \u00ab&nbsp;le groupe d\u2019action pour la Syrie&nbsp;\u00bb qui appelait&nbsp;:<\/p>\n<p>\u00ab&nbsp;toutes les parties \u00e0 imm\u00e9diatement se r\u00e9engager \u00e0 une cessation durable de la violence arm\u00e9e dans un but de mettre fin au conflit, cela ajout\u00e9 \u00e0 l\u2019\u00e9tablissement d\u2019un organe de direction transitoire qui exercerait la totalit\u00e9 des pouvoirs ex\u00e9cutifs et serait compos\u00e9 de membres du gouvernement actuel et de l\u2019opposition, ainsi que d\u2019autres groupes&nbsp;\u00bb<\/p>\n<p>Alors que ces discours semblaient assez raisonnables tout de m\u00eame, cette nouvelle conf\u00e9rence a uniquement servi \u00e0 rappeler la m\u00eame solution que celle entendue il y a 5 ans voire plus, sans aucun changement \u00e0 la situation sur le terrain. Cela prouve donc qu\u2019il manque toujours quelque chose \u00e0 l\u2019action en cours.<span class=\"Apple-converted-space\">&nbsp;<\/span><\/p>\n<p>Nous assistons \u00e0 <a href=\"http:\/\/www.aljazeera.com\/indepth\/features\/2017\/03\/syria-war-worst-man-disaster-world-war-ii-170315054907704.html\">l\u2019un des pires d\u00e9sastres engendr\u00e9s par l\u2019homme depuis la Seconde Guerre Mondiale<\/a>, un d\u00e9sastre qui ne semble pas sur le point de s\u2019achever et qui risque de s\u2019\u00e9largir encore plus vers les pays voisins. Nous devons voir un degr\u00e9 de pression internationale plus important que celui que nous avons vu jusqu\u2019\u00e0 pr\u00e9sent \u2013 de toutes les parties concern\u00e9es \u2013 pour trouver une solution \u00e0 ce conflit, si nous voulons un jour en voir la fin.<\/p>\n<p>Pendant ce temps, la responsabilit\u00e9 de gu\u00e9rir des blessures de cette guerre r\u00e9side en chacun d\u2019entre nous. <a href=\"https:\/\/sboverseas.org\/nl\/home\/\">SB OverSeas<\/a> voit l\u2019\u00e9ducation comme un processus de gu\u00e9rison, pour <a href=\"https:\/\/sboverseas.org\/nl\/campaigns\/givehope\/\">donner de l\u2019espoir \u00e0 toute une g\u00e9n\u00e9ration d\u00e9vast\u00e9e par la guerre<\/a> et cr\u00e9er les fondations pour un processus de paix et de r\u00e9conciliation. L\u2019\u00e9ducation nourrit la subsistance et r\u00e9duit la vuln\u00e9rabilit\u00e9 des jeunes qui sont entra\u00een\u00e9s dans les milices, ou vers l\u2019extr\u00e9misme radical, <a href=\"http:\/\/www.unesco.org\/new\/en\/media-services\/single-view\/news\/director_general_stresses_the_role_of_education_for_preventi\/\">comme l\u2019a not\u00e9 Irina Bokova<\/a>, Directrice G\u00e9n\u00e9rale de l\u2019UNESCO, dans sa r\u00e9cente conf\u00e9rence dans le Maryland.<\/p>\n<p>M\u00eame si la violence continue en Syrie peut cr\u00e9er un sentiment d\u2019impuissance en chacun d\u2019entre nous, il y a beaucoup que l\u2019on puisse et doive faire, si l\u2019on veut un jour voir les sourires retourner sur les visages des syriens.<\/p>\n<p>Auteure : Petra Nieminen<\/p>","protected":false},"excerpt":{"rendered":"<p>La conf\u00e9rence \u00e0 Bruxelles \u00ab&nbsp;Soutenir l\u2019avenir de la Syrie et de la r\u00e9gion&nbsp;\u00bb a eu lieu la semaine derni\u00e8re les 4 et 5 avril 2017. L\u2019Union Europ\u00e9enne, les Nations Unies, ainsi que le gouvernement d\u2019Allemagne, du Kowe\u00eft, de la Norv\u00e8ge, du Qatar et de la Grande Bretagne ont pris part \u00e0 la conf\u00e9rence. La conf\u00e9rence [&hellip;]<\/p>","protected":false},"author":162,"featured_media":3420,"comment_status":"open","ping_status":"closed","sticky":false,"template":"","format":"standard","meta":{"_et_pb_use_builder":"","_et_pb_old_content":"","_et_gb_content_width":"","footnotes":""},"categories":[88,89,91],"tags":[],"class_list":["post-3758","post","type-post","status-publish","format-standard","has-post-thumbnail","hentry","category-communiques-de-presse","category-fr-campagnes","category-fr-give-hope"],"yoast_head":"<!-- This site is optimized with the Yoast SEO plugin v25.2 - https:\/\/yoast.com\/wordpress\/plugins\/seo\/ -->\n<title>Bruxelles accueille la conf\u00e9rence sur le futur de la Syrie - SBO - D\u00e9veloppement Durable &amp; Aide Humanitaire<\/title>\n<meta name=\"robots\" content=\"index, follow, max-snippet:-1, max-image-preview:large, max-video-preview:-1\" \/>\n<link rel=\"canonical\" href=\"https:\/\/sboverseas.org\/nl\/bruxelles-accueille-la-conference-sur-le-futur-de-la-syrie\/\" \/>\n<meta property=\"og:locale\" content=\"nl_NL\" \/>\n<meta property=\"og:type\" content=\"article\" \/>\n<meta property=\"og:title\" content=\"Bruxelles accueille la conf\u00e9rence sur le futur de la Syrie - SBO - D\u00e9veloppement Durable &amp; Aide Humanitaire\" \/>\n<meta property=\"og:description\" content=\"La conf\u00e9rence \u00e0 Bruxelles \u00ab&nbsp;Soutenir l\u2019avenir de la Syrie et de la r\u00e9gion&nbsp;\u00bb a eu lieu la semaine derni\u00e8re les 4 et 5 avril 2017. L\u2019Union Europ\u00e9enne, les Nations Unies, ainsi que le gouvernement d\u2019Allemagne, du Kowe\u00eft, de la Norv\u00e8ge, du Qatar et de la Grande Bretagne ont pris part \u00e0 la conf\u00e9rence. La conf\u00e9rence [&hellip;]\" \/>\n<meta property=\"og:url\" content=\"https:\/\/sboverseas.org\/nl\/bruxelles-accueille-la-conference-sur-le-futur-de-la-syrie\/\" \/>\n<meta property=\"og:site_name\" content=\"SBO - D\u00e9veloppement Durable &amp; Aide Humanitaire\" \/>\n<meta property=\"article:published_time\" content=\"2017-04-11T19:23:01+00:00\" \/>\n<meta property=\"og:image\" content=\"https:\/\/sboverseas.org\/wp-content\/uploads\/2018\/06\/image-2.png\" \/>\n\t<meta property=\"og:image:width\" content=\"960\" \/>\n\t<meta property=\"og:image:height\" content=\"720\" \/>\n\t<meta property=\"og:image:type\" content=\"image\/png\" \/>\n<meta name=\"author\" content=\"admin\" \/>\n<meta name=\"twitter:card\" content=\"summary_large_image\" \/>\n<meta name=\"twitter:label1\" content=\"Geschreven door\" \/>\n\t<meta name=\"twitter:data1\" content=\"admin\" \/>\n\t<meta name=\"twitter:label2\" content=\"Geschatte leestijd\" \/>\n\t<meta name=\"twitter:data2\" content=\"4 minuten\" \/>\n<script type=\"application\/ld+json\" class=\"yoast-schema-graph\">{\"@context\":\"https:\/\/schema.org\",\"@graph\":[{\"@type\":\"WebPage\",\"@id\":\"https:\/\/sboverseas.org\/bruxelles-accueille-la-conference-sur-le-futur-de-la-syrie\/\",\"url\":\"https:\/\/sboverseas.org\/bruxelles-accueille-la-conference-sur-le-futur-de-la-syrie\/\",\"name\":\"Bruxelles accueille la conf\u00e9rence sur le futur de la Syrie - SBO - D\u00e9veloppement Durable &amp; Aide Humanitaire\",\"isPartOf\":{\"@id\":\"https:\/\/sboverseas.org\/#website\"},\"primaryImageOfPage\":{\"@id\":\"https:\/\/sboverseas.org\/bruxelles-accueille-la-conference-sur-le-futur-de-la-syrie\/#primaryimage\"},\"image\":{\"@id\":\"https:\/\/sboverseas.org\/bruxelles-accueille-la-conference-sur-le-futur-de-la-syrie\/#primaryimage\"},\"thumbnailUrl\":\"https:\/\/sboverseas.org\/wp-content\/uploads\/2018\/06\/image-2.png\",\"datePublished\":\"2017-04-11T19:23:01+00:00\",\"author\":{\"@id\":\"https:\/\/sboverseas.org\/#\/schema\/person\/798cbdc4f79ea3b1324971e880f7317d\"},\"inLanguage\":\"nl-NL\",\"potentialAction\":[{\"@type\":\"ReadAction\",\"target\":[\"https:\/\/sboverseas.org\/bruxelles-accueille-la-conference-sur-le-futur-de-la-syrie\/\"]}]},{\"@type\":\"ImageObject\",\"inLanguage\":\"nl-NL\",\"@id\":\"https:\/\/sboverseas.org\/bruxelles-accueille-la-conference-sur-le-futur-de-la-syrie\/#primaryimage\",\"url\":\"https:\/\/sboverseas.org\/wp-content\/uploads\/2018\/06\/image-2.png\",\"contentUrl\":\"https:\/\/sboverseas.org\/wp-content\/uploads\/2018\/06\/image-2.png\",\"width\":960,\"height\":720},{\"@type\":\"WebSite\",\"@id\":\"https:\/\/sboverseas.org\/#website\",\"url\":\"https:\/\/sboverseas.org\/\",\"name\":\"SBO - D\u00e9veloppement Durable &amp; Aide Humanitaire\",\"description\":\"Give Hope\",\"potentialAction\":[{\"@type\":\"SearchAction\",\"target\":{\"@type\":\"EntryPoint\",\"urlTemplate\":\"https:\/\/sboverseas.org\/?s={search_term_string}\"},\"query-input\":{\"@type\":\"PropertyValueSpecification\",\"valueRequired\":true,\"valueName\":\"search_term_string\"}}],\"inLanguage\":\"nl-NL\"},{\"@type\":\"Person\",\"@id\":\"https:\/\/sboverseas.org\/#\/schema\/person\/798cbdc4f79ea3b1324971e880f7317d\",\"name\":\"admin\",\"image\":{\"@type\":\"ImageObject\",\"inLanguage\":\"nl-NL\",\"@id\":\"https:\/\/sboverseas.org\/#\/schema\/person\/image\/\",\"url\":\"https:\/\/secure.gravatar.com\/avatar\/63861348f82d85942901b19542593f8585b87f5bd53fd3c961e6defc2462d6ac?s=96&d=mm&r=g\",\"contentUrl\":\"https:\/\/secure.gravatar.com\/avatar\/63861348f82d85942901b19542593f8585b87f5bd53fd3c961e6defc2462d6ac?s=96&d=mm&r=g\",\"caption\":\"admin\"},\"sameAs\":[\"https:\/\/sboverseas.org\"],\"url\":\"https:\/\/sboverseas.org\/nl\/author\/admin\/\"}]}<\/script>\n<!-- \/ Yoast SEO plugin. -->","yoast_head_json":{"title":"Bruxelles accueille la conf\u00e9rence sur le futur de la Syrie - SBO - D\u00e9veloppement Durable &amp; Aide Humanitaire","robots":{"index":"index","follow":"follow","max-snippet":"max-snippet:-1","max-image-preview":"max-image-preview:large","max-video-preview":"max-video-preview:-1"},"canonical":"https:\/\/sboverseas.org\/nl\/bruxelles-accueille-la-conference-sur-le-futur-de-la-syrie\/","og_locale":"nl_NL","og_type":"article","og_title":"Bruxelles accueille la conf\u00e9rence sur le futur de la Syrie - SBO - D\u00e9veloppement Durable &amp; Aide Humanitaire","og_description":"La conf\u00e9rence \u00e0 Bruxelles \u00ab&nbsp;Soutenir l\u2019avenir de la Syrie et de la r\u00e9gion&nbsp;\u00bb a eu lieu la semaine derni\u00e8re les 4 et 5 avril 2017. L\u2019Union Europ\u00e9enne, les Nations Unies, ainsi que le gouvernement d\u2019Allemagne, du Kowe\u00eft, de la Norv\u00e8ge, du Qatar et de la Grande Bretagne ont pris part \u00e0 la conf\u00e9rence. La conf\u00e9rence [&hellip;]","og_url":"https:\/\/sboverseas.org\/nl\/bruxelles-accueille-la-conference-sur-le-futur-de-la-syrie\/","og_site_name":"SBO - D\u00e9veloppement Durable &amp; Aide Humanitaire","article_published_time":"2017-04-11T19:23:01+00:00","og_image":[{"width":960,"height":720,"url":"https:\/\/sboverseas.org\/wp-content\/uploads\/2018\/06\/image-2.png","type":"image\/png"}],"author":"admin","twitter_card":"summary_large_image","twitter_misc":{"Geschreven door":"admin","Geschatte leestijd":"4 minuten"},"schema":{"@context":"https:\/\/schema.org","@graph":[{"@type":"WebPage","@id":"https:\/\/sboverseas.org\/bruxelles-accueille-la-conference-sur-le-futur-de-la-syrie\/","url":"https:\/\/sboverseas.org\/bruxelles-accueille-la-conference-sur-le-futur-de-la-syrie\/","name":"Bruxelles accueille la conf\u00e9rence sur le futur de la Syrie - SBO - D\u00e9veloppement Durable &amp; Aide Humanitaire","isPartOf":{"@id":"https:\/\/sboverseas.org\/#website"},"primaryImageOfPage":{"@id":"https:\/\/sboverseas.org\/bruxelles-accueille-la-conference-sur-le-futur-de-la-syrie\/#primaryimage"},"image":{"@id":"https:\/\/sboverseas.org\/bruxelles-accueille-la-conference-sur-le-futur-de-la-syrie\/#primaryimage"},"thumbnailUrl":"https:\/\/sboverseas.org\/wp-content\/uploads\/2018\/06\/image-2.png","datePublished":"2017-04-11T19:23:01+00:00","author":{"@id":"https:\/\/sboverseas.org\/#\/schema\/person\/798cbdc4f79ea3b1324971e880f7317d"},"inLanguage":"nl-NL","potentialAction":[{"@type":"ReadAction","target":["https:\/\/sboverseas.org\/bruxelles-accueille-la-conference-sur-le-futur-de-la-syrie\/"]}]},{"@type":"ImageObject","inLanguage":"nl-NL","@id":"https:\/\/sboverseas.org\/bruxelles-accueille-la-conference-sur-le-futur-de-la-syrie\/#primaryimage","url":"https:\/\/sboverseas.org\/wp-content\/uploads\/2018\/06\/image-2.png","contentUrl":"https:\/\/sboverseas.org\/wp-content\/uploads\/2018\/06\/image-2.png","width":960,"height":720},{"@type":"WebSite","@id":"https:\/\/sboverseas.org\/#website","url":"https:\/\/sboverseas.org\/","name":"SBO - D\u00e9veloppement Durable &amp; Aide Humanitaire","description":"Give Hope","potentialAction":[{"@type":"SearchAction","target":{"@type":"EntryPoint","urlTemplate":"https:\/\/sboverseas.org\/?s={search_term_string}"},"query-input":{"@type":"PropertyValueSpecification","valueRequired":true,"valueName":"search_term_string"}}],"inLanguage":"nl-NL"},{"@type":"Person","@id":"https:\/\/sboverseas.org\/#\/schema\/person\/798cbdc4f79ea3b1324971e880f7317d","name":"admin","image":{"@type":"ImageObject","inLanguage":"nl-NL","@id":"https:\/\/sboverseas.org\/#\/schema\/person\/image\/","url":"https:\/\/secure.gravatar.com\/avatar\/63861348f82d85942901b19542593f8585b87f5bd53fd3c961e6defc2462d6ac?s=96&d=mm&r=g","contentUrl":"https:\/\/secure.gravatar.com\/avatar\/63861348f82d85942901b19542593f8585b87f5bd53fd3c961e6defc2462d6ac?s=96&d=mm&r=g","caption":"admin"},"sameAs":["https:\/\/sboverseas.org"],"url":"https:\/\/sboverseas.org\/nl\/author\/admin\/"}]}},"_links":{"self":[{"href":"https:\/\/sboverseas.org\/nl\/wp-json\/wp\/v2\/posts\/3758","targetHints":{"allow":["GET"]}}],"collection":[{"href":"https:\/\/sboverseas.org\/nl\/wp-json\/wp\/v2\/posts"}],"about":[{"href":"https:\/\/sboverseas.org\/nl\/wp-json\/wp\/v2\/types\/post"}],"author":[{"embeddable":true,"href":"https:\/\/sboverseas.org\/nl\/wp-json\/wp\/v2\/users\/162"}],"replies":[{"embeddable":true,"href":"https:\/\/sboverseas.org\/nl\/wp-json\/wp\/v2\/comments?post=3758"}],"version-history":[{"count":0,"href":"https:\/\/sboverseas.org\/nl\/wp-json\/wp\/v2\/posts\/3758\/revisions"}],"wp:featuredmedia":[{"embeddable":true,"href":"https:\/\/sboverseas.org\/nl\/wp-json\/wp\/v2\/media\/3420"}],"wp:attachment":[{"href":"https:\/\/sboverseas.org\/nl\/wp-json\/wp\/v2\/media?parent=3758"}],"wp:term":[{"taxonomy":"category","embeddable":true,"href":"https:\/\/sboverseas.org\/nl\/wp-json\/wp\/v2\/categories?post=3758"},{"taxonomy":"post_tag","embeddable":true,"href":"https:\/\/sboverseas.org\/nl\/wp-json\/wp\/v2\/tags?post=3758"}],"curies":[{"name":"wp","href":"https:\/\/api.w.org\/{rel}","templated":true}]}}