{"id":2416,"date":"2017-11-20T17:10:50","date_gmt":"2017-11-20T16:10:50","guid":{"rendered":"https:\/\/sboverseas.org\/?p=2416"},"modified":"2017-11-20T17:10:50","modified_gmt":"2017-11-20T16:10:50","slug":"ecole-sur-la-frontiere-syrienne-se-re-ouvre-au-liban-apres-une-retraite-de-daech","status":"publish","type":"post","link":"https:\/\/sboverseas.org\/nl\/ecole-sur-la-frontiere-syrienne-se-re-ouvre-au-liban-apres-une-retraite-de-daech\/","title":{"rendered":"\u00c9cole \u00e0 la fronti\u00e8re syrienne a r\u00e9ouvert au Liban apr\u00e8s une retraite de DAECH"},"content":{"rendered":"<p>Ecole en pleine zone de conflit a r\u00e9ouvert au Liban apr\u00e8s une retraite de la part de DAECH, L&#8217;organisation caritative Belge SB OverSeas a annonc\u00e9 cette semaine que son centre scolaire et f\u00e9minin \u00e0 Arsal, au nord du Liban, a \u00e9t\u00e9 rouvert. En juillet 2017, l&#8217;intensification des tensions et des violences entre les forces gouvernementales et les combattants DAECH ont forc\u00e9 les projets humanitaires de SB Overseas \u00e0 fermer temporairement.<\/p>\n<p>Sur le million de r\u00e9fugi\u00e9s syriens enregistr\u00e9s aupr\u00e8s du UNHCR au Liban, plus de 10.000 personnes campent dans ou autour Arsal dans environ 20 camps s\u00e9par\u00e9s, dont environ la moiti\u00e9 sont des enfants d&#8217;\u00e2ge scolaire obligatoire. Face aux dangers \u00e9vidents du domaine, SB OverSeas est actuellement la seule organisation \u00e9ducative \u00e0 proximit\u00e9 de ces camps. Depuis sa r\u00e9ouverture, l&#8217;\u00e9cole a accueilli 140 enfants dans ses classes cinq jours par semaine, et 68 femmes et adolescentes b\u00e9n\u00e9ficient du centre pour apprendre des comp\u00e9tences de vie et des programmes d&#8217;artisanat.<\/p>\n<p>SB OverSeas g\u00e8re \u00e9galement des \u00e9coles et des centres pour femmes \u00e0 Beyrouth et Saida. Leurs \u00e9coles fournissent une \u00e9ducation de rattrapage et un soutien psychologique essentiels aux enfants qui ont manqu\u00e9 de nombreuses ann\u00e9es de scolarit\u00e9. Cette ann\u00e9e, 500 enfants ont pu \u00eatre int\u00e9gr\u00e9s dans le syst\u00e8me \u00e9ducatif libanais public, gr\u00e2ce \u00e0 SB OverSeas et le Gouvernement libanais qui ont presque doubl\u00e9 le nombre de places scolaires pr\u00e9vu depuis 2012. Dans les centres, les femmes et les adolescents peuvent suivre des programmes d&#8217;alphab\u00e9tisation, recevoir des conseils et participer \u00e0 des activit\u00e9s cr\u00e9atives ax\u00e9es sur l&#8217;entreprise sociale.<\/p>","protected":false},"excerpt":{"rendered":"<p>Ecole en pleine zone de conflit a r\u00e9ouvert au Liban apr\u00e8s une retraite de la part de DAECH, L&#8217;organisation caritative Belge SB OverSeas a annonc\u00e9 cette semaine que son centre scolaire et f\u00e9minin \u00e0 Arsal, au nord du Liban, a \u00e9t\u00e9 rouvert. En juillet 2017, l&#8217;intensification des tensions et des violences entre les forces gouvernementales [&hellip;]<\/p>","protected":false},"author":162,"featured_media":2365,"comment_status":"open","ping_status":"closed","sticky":false,"template":"","format":"standard","meta":{"_et_pb_use_builder":"","_et_pb_old_content":"","_et_gb_content_width":"","footnotes":""},"categories":[88,129],"tags":[],"class_list":["post-2416","post","type-post","status-publish","format-standard","has-post-thumbnail","hentry","category-communiques-de-presse","category-education-2"],"yoast_head":"<!-- This site is optimized with the Yoast SEO plugin v25.2 - https:\/\/yoast.com\/wordpress\/plugins\/seo\/ -->\n<title>\u00c9cole \u00e0 la fronti\u00e8re syrienne a r\u00e9ouvert au Liban apr\u00e8s une retraite de DAECH - SBO - D\u00e9veloppement Durable &amp; Aide Humanitaire<\/title>\n<meta name=\"robots\" content=\"index, follow, max-snippet:-1, max-image-preview:large, max-video-preview:-1\" \/>\n<link rel=\"canonical\" href=\"https:\/\/sboverseas.org\/nl\/ecole-sur-la-frontiere-syrienne-se-re-ouvre-au-liban-apres-une-retraite-de-daech\/\" \/>\n<meta property=\"og:locale\" content=\"nl_NL\" \/>\n<meta property=\"og:type\" content=\"article\" \/>\n<meta property=\"og:title\" content=\"\u00c9cole \u00e0 la fronti\u00e8re syrienne a r\u00e9ouvert au Liban apr\u00e8s une retraite de DAECH - SBO - D\u00e9veloppement Durable &amp; Aide Humanitaire\" \/>\n<meta property=\"og:description\" content=\"Ecole en pleine zone de conflit a r\u00e9ouvert au Liban apr\u00e8s une retraite de la part de DAECH, L&#8217;organisation caritative Belge SB OverSeas a annonc\u00e9 cette semaine que son centre scolaire et f\u00e9minin \u00e0 Arsal, au nord du Liban, a \u00e9t\u00e9 rouvert. En juillet 2017, l&#8217;intensification des tensions et des violences entre les forces gouvernementales [&hellip;]\" \/>\n<meta property=\"og:url\" content=\"https:\/\/sboverseas.org\/nl\/ecole-sur-la-frontiere-syrienne-se-re-ouvre-au-liban-apres-une-retraite-de-daech\/\" \/>\n<meta property=\"og:site_name\" content=\"SBO - D\u00e9veloppement Durable &amp; Aide Humanitaire\" \/>\n<meta property=\"article:published_time\" content=\"2017-11-20T16:10:50+00:00\" \/>\n<meta property=\"og:image\" content=\"https:\/\/sboverseas.org\/wp-content\/uploads\/2017\/11\/Arsal2.jpg\" \/>\n\t<meta property=\"og:image:width\" content=\"2048\" \/>\n\t<meta property=\"og:image:height\" content=\"1150\" \/>\n\t<meta property=\"og:image:type\" content=\"image\/jpeg\" \/>\n<meta name=\"author\" content=\"admin\" \/>\n<meta name=\"twitter:card\" content=\"summary_large_image\" \/>\n<meta name=\"twitter:label1\" content=\"Geschreven door\" \/>\n\t<meta name=\"twitter:data1\" content=\"admin\" \/>\n\t<meta name=\"twitter:label2\" content=\"Geschatte leestijd\" \/>\n\t<meta name=\"twitter:data2\" content=\"1 minuut\" \/>\n<script type=\"application\/ld+json\" class=\"yoast-schema-graph\">{\"@context\":\"https:\/\/schema.org\",\"@graph\":[{\"@type\":\"WebPage\",\"@id\":\"https:\/\/sboverseas.org\/ecole-sur-la-frontiere-syrienne-se-re-ouvre-au-liban-apres-une-retraite-de-daech\/\",\"url\":\"https:\/\/sboverseas.org\/ecole-sur-la-frontiere-syrienne-se-re-ouvre-au-liban-apres-une-retraite-de-daech\/\",\"name\":\"\u00c9cole \u00e0 la fronti\u00e8re syrienne a r\u00e9ouvert au Liban apr\u00e8s une retraite de DAECH - SBO - D\u00e9veloppement Durable &amp; Aide Humanitaire\",\"isPartOf\":{\"@id\":\"https:\/\/sboverseas.org\/#website\"},\"primaryImageOfPage\":{\"@id\":\"https:\/\/sboverseas.org\/ecole-sur-la-frontiere-syrienne-se-re-ouvre-au-liban-apres-une-retraite-de-daech\/#primaryimage\"},\"image\":{\"@id\":\"https:\/\/sboverseas.org\/ecole-sur-la-frontiere-syrienne-se-re-ouvre-au-liban-apres-une-retraite-de-daech\/#primaryimage\"},\"thumbnailUrl\":\"https:\/\/sboverseas.org\/wp-content\/uploads\/2017\/11\/Arsal2.jpg\",\"datePublished\":\"2017-11-20T16:10:50+00:00\",\"author\":{\"@id\":\"https:\/\/sboverseas.org\/#\/schema\/person\/798cbdc4f79ea3b1324971e880f7317d\"},\"inLanguage\":\"nl-NL\",\"potentialAction\":[{\"@type\":\"ReadAction\",\"target\":[\"https:\/\/sboverseas.org\/ecole-sur-la-frontiere-syrienne-se-re-ouvre-au-liban-apres-une-retraite-de-daech\/\"]}]},{\"@type\":\"ImageObject\",\"inLanguage\":\"nl-NL\",\"@id\":\"https:\/\/sboverseas.org\/ecole-sur-la-frontiere-syrienne-se-re-ouvre-au-liban-apres-une-retraite-de-daech\/#primaryimage\",\"url\":\"https:\/\/sboverseas.org\/wp-content\/uploads\/2017\/11\/Arsal2.jpg\",\"contentUrl\":\"https:\/\/sboverseas.org\/wp-content\/uploads\/2017\/11\/Arsal2.jpg\",\"width\":2048,\"height\":1150},{\"@type\":\"WebSite\",\"@id\":\"https:\/\/sboverseas.org\/#website\",\"url\":\"https:\/\/sboverseas.org\/\",\"name\":\"SBO - D\u00e9veloppement Durable &amp; Aide Humanitaire\",\"description\":\"Give Hope\",\"potentialAction\":[{\"@type\":\"SearchAction\",\"target\":{\"@type\":\"EntryPoint\",\"urlTemplate\":\"https:\/\/sboverseas.org\/?s={search_term_string}\"},\"query-input\":{\"@type\":\"PropertyValueSpecification\",\"valueRequired\":true,\"valueName\":\"search_term_string\"}}],\"inLanguage\":\"nl-NL\"},{\"@type\":\"Person\",\"@id\":\"https:\/\/sboverseas.org\/#\/schema\/person\/798cbdc4f79ea3b1324971e880f7317d\",\"name\":\"admin\",\"image\":{\"@type\":\"ImageObject\",\"inLanguage\":\"nl-NL\",\"@id\":\"https:\/\/sboverseas.org\/#\/schema\/person\/image\/\",\"url\":\"https:\/\/secure.gravatar.com\/avatar\/63861348f82d85942901b19542593f8585b87f5bd53fd3c961e6defc2462d6ac?s=96&d=mm&r=g\",\"contentUrl\":\"https:\/\/secure.gravatar.com\/avatar\/63861348f82d85942901b19542593f8585b87f5bd53fd3c961e6defc2462d6ac?s=96&d=mm&r=g\",\"caption\":\"admin\"},\"sameAs\":[\"https:\/\/sboverseas.org\"],\"url\":\"https:\/\/sboverseas.org\/nl\/author\/admin\/\"}]}<\/script>\n<!-- \/ Yoast SEO plugin. -->","yoast_head_json":{"title":"\u00c9cole \u00e0 la fronti\u00e8re syrienne a r\u00e9ouvert au Liban apr\u00e8s une retraite de DAECH - SBO - D\u00e9veloppement Durable &amp; Aide Humanitaire","robots":{"index":"index","follow":"follow","max-snippet":"max-snippet:-1","max-image-preview":"max-image-preview:large","max-video-preview":"max-video-preview:-1"},"canonical":"https:\/\/sboverseas.org\/nl\/ecole-sur-la-frontiere-syrienne-se-re-ouvre-au-liban-apres-une-retraite-de-daech\/","og_locale":"nl_NL","og_type":"article","og_title":"\u00c9cole \u00e0 la fronti\u00e8re syrienne a r\u00e9ouvert au Liban apr\u00e8s une retraite de DAECH - SBO - D\u00e9veloppement Durable &amp; Aide Humanitaire","og_description":"Ecole en pleine zone de conflit a r\u00e9ouvert au Liban apr\u00e8s une retraite de la part de DAECH, L&#8217;organisation caritative Belge SB OverSeas a annonc\u00e9 cette semaine que son centre scolaire et f\u00e9minin \u00e0 Arsal, au nord du Liban, a \u00e9t\u00e9 rouvert. En juillet 2017, l&#8217;intensification des tensions et des violences entre les forces gouvernementales [&hellip;]","og_url":"https:\/\/sboverseas.org\/nl\/ecole-sur-la-frontiere-syrienne-se-re-ouvre-au-liban-apres-une-retraite-de-daech\/","og_site_name":"SBO - D\u00e9veloppement Durable &amp; Aide Humanitaire","article_published_time":"2017-11-20T16:10:50+00:00","og_image":[{"width":2048,"height":1150,"url":"https:\/\/sboverseas.org\/wp-content\/uploads\/2017\/11\/Arsal2.jpg","type":"image\/jpeg"}],"author":"admin","twitter_card":"summary_large_image","twitter_misc":{"Geschreven door":"admin","Geschatte leestijd":"1 minuut"},"schema":{"@context":"https:\/\/schema.org","@graph":[{"@type":"WebPage","@id":"https:\/\/sboverseas.org\/ecole-sur-la-frontiere-syrienne-se-re-ouvre-au-liban-apres-une-retraite-de-daech\/","url":"https:\/\/sboverseas.org\/ecole-sur-la-frontiere-syrienne-se-re-ouvre-au-liban-apres-une-retraite-de-daech\/","name":"\u00c9cole \u00e0 la fronti\u00e8re syrienne a r\u00e9ouvert au Liban apr\u00e8s une retraite de DAECH - SBO - D\u00e9veloppement Durable &amp; Aide Humanitaire","isPartOf":{"@id":"https:\/\/sboverseas.org\/#website"},"primaryImageOfPage":{"@id":"https:\/\/sboverseas.org\/ecole-sur-la-frontiere-syrienne-se-re-ouvre-au-liban-apres-une-retraite-de-daech\/#primaryimage"},"image":{"@id":"https:\/\/sboverseas.org\/ecole-sur-la-frontiere-syrienne-se-re-ouvre-au-liban-apres-une-retraite-de-daech\/#primaryimage"},"thumbnailUrl":"https:\/\/sboverseas.org\/wp-content\/uploads\/2017\/11\/Arsal2.jpg","datePublished":"2017-11-20T16:10:50+00:00","author":{"@id":"https:\/\/sboverseas.org\/#\/schema\/person\/798cbdc4f79ea3b1324971e880f7317d"},"inLanguage":"nl-NL","potentialAction":[{"@type":"ReadAction","target":["https:\/\/sboverseas.org\/ecole-sur-la-frontiere-syrienne-se-re-ouvre-au-liban-apres-une-retraite-de-daech\/"]}]},{"@type":"ImageObject","inLanguage":"nl-NL","@id":"https:\/\/sboverseas.org\/ecole-sur-la-frontiere-syrienne-se-re-ouvre-au-liban-apres-une-retraite-de-daech\/#primaryimage","url":"https:\/\/sboverseas.org\/wp-content\/uploads\/2017\/11\/Arsal2.jpg","contentUrl":"https:\/\/sboverseas.org\/wp-content\/uploads\/2017\/11\/Arsal2.jpg","width":2048,"height":1150},{"@type":"WebSite","@id":"https:\/\/sboverseas.org\/#website","url":"https:\/\/sboverseas.org\/","name":"SBO - D\u00e9veloppement Durable &amp; Aide Humanitaire","description":"Give Hope","potentialAction":[{"@type":"SearchAction","target":{"@type":"EntryPoint","urlTemplate":"https:\/\/sboverseas.org\/?s={search_term_string}"},"query-input":{"@type":"PropertyValueSpecification","valueRequired":true,"valueName":"search_term_string"}}],"inLanguage":"nl-NL"},{"@type":"Person","@id":"https:\/\/sboverseas.org\/#\/schema\/person\/798cbdc4f79ea3b1324971e880f7317d","name":"admin","image":{"@type":"ImageObject","inLanguage":"nl-NL","@id":"https:\/\/sboverseas.org\/#\/schema\/person\/image\/","url":"https:\/\/secure.gravatar.com\/avatar\/63861348f82d85942901b19542593f8585b87f5bd53fd3c961e6defc2462d6ac?s=96&d=mm&r=g","contentUrl":"https:\/\/secure.gravatar.com\/avatar\/63861348f82d85942901b19542593f8585b87f5bd53fd3c961e6defc2462d6ac?s=96&d=mm&r=g","caption":"admin"},"sameAs":["https:\/\/sboverseas.org"],"url":"https:\/\/sboverseas.org\/nl\/author\/admin\/"}]}},"_links":{"self":[{"href":"https:\/\/sboverseas.org\/nl\/wp-json\/wp\/v2\/posts\/2416","targetHints":{"allow":["GET"]}}],"collection":[{"href":"https:\/\/sboverseas.org\/nl\/wp-json\/wp\/v2\/posts"}],"about":[{"href":"https:\/\/sboverseas.org\/nl\/wp-json\/wp\/v2\/types\/post"}],"author":[{"embeddable":true,"href":"https:\/\/sboverseas.org\/nl\/wp-json\/wp\/v2\/users\/162"}],"replies":[{"embeddable":true,"href":"https:\/\/sboverseas.org\/nl\/wp-json\/wp\/v2\/comments?post=2416"}],"version-history":[{"count":0,"href":"https:\/\/sboverseas.org\/nl\/wp-json\/wp\/v2\/posts\/2416\/revisions"}],"wp:featuredmedia":[{"embeddable":true,"href":"https:\/\/sboverseas.org\/nl\/wp-json\/wp\/v2\/media\/2365"}],"wp:attachment":[{"href":"https:\/\/sboverseas.org\/nl\/wp-json\/wp\/v2\/media?parent=2416"}],"wp:term":[{"taxonomy":"category","embeddable":true,"href":"https:\/\/sboverseas.org\/nl\/wp-json\/wp\/v2\/categories?post=2416"},{"taxonomy":"post_tag","embeddable":true,"href":"https:\/\/sboverseas.org\/nl\/wp-json\/wp\/v2\/tags?post=2416"}],"curies":[{"name":"wp","href":"https:\/\/api.w.org\/{rel}","templated":true}]}}