{"id":3429,"date":"2018-06-21T17:14:29","date_gmt":"2018-06-21T15:14:29","guid":{"rendered":"https:\/\/sboverseas.org\/?p=3429"},"modified":"2018-06-21T17:14:29","modified_gmt":"2018-06-21T15:14:29","slug":"ramadan-kareem-et-aid-moubarak-depuis-bukhra-ahla","status":"publish","type":"post","link":"https:\/\/sboverseas.org\/fr\/ramadan-kareem-et-aid-moubarak-depuis-bukhra-ahla\/","title":{"rendered":"Ramadan Kareem et A\u00efd moubarak depuis Boukhra Ahla !"},"content":{"rendered":"<style type=\"text\/css\">\n\t\t\t#gallery-1 {\n\t\t\t\tmargin: auto;\n\t\t\t}\n\t\t\t#gallery-1 .gallery-item {\n\t\t\t\tfloat: left;\n\t\t\t\tmargin-top: 10px;\n\t\t\t\ttext-align: center;\n\t\t\t\twidth: 33%;\n\t\t\t}\n\t\t\t#gallery-1 img {\n\t\t\t\tborder: 2px solid #cfcfcf;\n\t\t\t}\n\t\t\t#gallery-1 .gallery-caption {\n\t\t\t\tmargin-left: 0;\n\t\t\t}\n\t\t\t\/* see gallery_shortcode() in wp-includes\/media.php *\/\n\t\t<\/style>\n\t\t<div id='gallery-1' class='gallery galleryid-3429 gallery-columns-3 gallery-size-thumbnail'><dl class='gallery-item'>\n\t\t\t<dt class='gallery-icon landscape'>\n\t\t\t\t<a href='https:\/\/sboverseas.org\/fr\/ramadan-kareem-and-eid-mubarak-from-bukra-ahla\/image-25\/'><img loading=\"lazy\" decoding=\"async\" width=\"150\" height=\"150\" src=\"https:\/\/sboverseas.org\/wp-content\/uploads\/2018\/06\/image-5-150x150.png\" class=\"attachment-thumbnail size-thumbnail\" alt=\"\" srcset=\"https:\/\/sboverseas.org\/wp-content\/uploads\/2018\/06\/image-5-150x150.png 150w, https:\/\/sboverseas.org\/wp-content\/uploads\/2018\/06\/image-5-300x300.png 300w, https:\/\/sboverseas.org\/wp-content\/uploads\/2018\/06\/image-5-100x100.png 100w\" sizes=\"(max-width: 150px) 100vw, 150px\" \/><\/a>\n\t\t\t<\/dt><\/dl><dl class='gallery-item'>\n\t\t\t<dt class='gallery-icon landscape'>\n\t\t\t\t<a href='https:\/\/sboverseas.org\/fr\/ramadan-kareem-and-eid-mubarak-from-bukra-ahla\/image-24\/'><img loading=\"lazy\" decoding=\"async\" width=\"150\" height=\"150\" src=\"https:\/\/sboverseas.org\/wp-content\/uploads\/2018\/06\/image-4-150x150.png\" class=\"attachment-thumbnail size-thumbnail\" alt=\"\" srcset=\"https:\/\/sboverseas.org\/wp-content\/uploads\/2018\/06\/image-4-150x150.png 150w, https:\/\/sboverseas.org\/wp-content\/uploads\/2018\/06\/image-4-300x300.png 300w, https:\/\/sboverseas.org\/wp-content\/uploads\/2018\/06\/image-4-100x100.png 100w\" sizes=\"(max-width: 150px) 100vw, 150px\" \/><\/a>\n\t\t\t<\/dt><\/dl><dl class='gallery-item'>\n\t\t\t<dt class='gallery-icon landscape'>\n\t\t\t\t<a href='https:\/\/sboverseas.org\/fr\/ramadan-kareem-and-eid-mubarak-from-bukra-ahla\/image-23\/'><img loading=\"lazy\" decoding=\"async\" width=\"150\" height=\"150\" src=\"https:\/\/sboverseas.org\/wp-content\/uploads\/2018\/06\/image-3-150x150.png\" class=\"attachment-thumbnail size-thumbnail\" alt=\"\" srcset=\"https:\/\/sboverseas.org\/wp-content\/uploads\/2018\/06\/image-3-150x150.png 150w, https:\/\/sboverseas.org\/wp-content\/uploads\/2018\/06\/image-3-300x300.png 300w, https:\/\/sboverseas.org\/wp-content\/uploads\/2018\/06\/image-3-100x100.png 100w\" sizes=\"(max-width: 150px) 100vw, 150px\" \/><\/a>\n\t\t\t<\/dt><\/dl><br style=\"clear: both\" \/><dl class='gallery-item'>\n\t\t\t<dt class='gallery-icon landscape'>\n\t\t\t\t<a href='https:\/\/sboverseas.org\/fr\/ramadan-kareem-and-eid-mubarak-from-bukra-ahla\/image-21\/'><img loading=\"lazy\" decoding=\"async\" width=\"150\" height=\"150\" src=\"https:\/\/sboverseas.org\/wp-content\/uploads\/2018\/06\/image-1-150x150.png\" class=\"attachment-thumbnail size-thumbnail\" alt=\"\" srcset=\"https:\/\/sboverseas.org\/wp-content\/uploads\/2018\/06\/image-1-150x150.png 150w, https:\/\/sboverseas.org\/wp-content\/uploads\/2018\/06\/image-1-300x300.png 300w, https:\/\/sboverseas.org\/wp-content\/uploads\/2018\/06\/image-1-100x100.png 100w\" sizes=\"(max-width: 150px) 100vw, 150px\" \/><\/a>\n\t\t\t<\/dt><\/dl><dl class='gallery-item'>\n\t\t\t<dt class='gallery-icon landscape'>\n\t\t\t\t<a href='https:\/\/sboverseas.org\/fr\/ramadan-kareem-and-eid-mubarak-from-bukra-ahla\/image-22\/'><img loading=\"lazy\" decoding=\"async\" width=\"150\" height=\"150\" src=\"https:\/\/sboverseas.org\/wp-content\/uploads\/2018\/06\/image-2-150x150.png\" class=\"attachment-thumbnail size-thumbnail\" alt=\"\" srcset=\"https:\/\/sboverseas.org\/wp-content\/uploads\/2018\/06\/image-2-150x150.png 150w, https:\/\/sboverseas.org\/wp-content\/uploads\/2018\/06\/image-2-300x300.png 300w, https:\/\/sboverseas.org\/wp-content\/uploads\/2018\/06\/image-2-100x100.png 100w\" sizes=\"(max-width: 150px) 100vw, 150px\" \/><\/a>\n\t\t\t<\/dt><\/dl>\n\t\t\t<br style='clear: both' \/>\n\t\t<\/div>\n\n<p><i>Ecrit par Nura Jaafar, Charg\u00e9e de Communication et de D\u00e9veloppement de Projets au Liban<\/i><\/p>\n<p>Le mois dernier, les musulmans du monde entier je\u00fbnaient entre le lever et le coucher du soleil durant le ramadan. Avant le levier du soleil, ils prenaient le sahur (un petit d\u00e9jeuner que l&#039;on prend tr\u00e8s t\u00f4t) et leur journ\u00e9e se terminait avec l&#039;Iftar (lorsque l&#039;on rompt le je\u00fbne lors du d\u00eener). C&#039;est un mois o\u00f9 l&#039;on passe du temps avec sa famille et ses amis. Diff\u00e9rentes sortes de plats succulents sont pr\u00e9par\u00e9s pour que tout le monde puisse en profiter ensemble.<\/p>\n<p>N\u00e9anmoins, toutes les familles \u00e0 Chatila n&#039;ont pas l&#039;argent ou les moyens de se payer un d\u00eener \u00ab commun \u00bb, ce n&#039;est donc pas non plus le cas pour un d\u00eener \u00ab sp\u00e9cial \u00bb. SB OverSeas a pris en compte leur situation, et gr\u00e2ce aux dons que nous recevons, nous avons pu donner un Iftar \u00e0 ces familles pour permettre de profiter de ce d\u00eener. Nous avons invit\u00e9 55 \u00e9tudiants du centre Bukrah Ahla qui sont venus apr\u00e8s l&#039;\u00e9cole pour r\u00e9cup\u00e9rer des Lahm Bi Ajin fra\u00eechement pr\u00e9par\u00e9s et du pain \u00e0 ramener chez eux. Nous avons \u00e9galement apport\u00e9 de la nourriture dans quelques-unes des maisons. Les 245 membres des diff\u00e9rentes familles ont \u00e9t\u00e9 ravis par de d\u00e9licieux d\u00eener.<span class=\"Apple-converted-space\">&nbsp;<\/span><\/p>\n<p>Cette m\u00eame semaine, nous avons donn\u00e9 des friandises aux enfants. Pour f\u00eater la fin du Ramadan, les musulmans ont f\u00eat\u00e9 l&#039;A\u00efd-el-Fitr. L&#039;A\u00efd est d\u00e9crit en bonne compagnie, autour de d\u00e9licieux plats, v\u00eatu de beaux habits et autour de cadeaux pour les enfants. Cependant, toutes les familles n&#039;ont pas les moyens d&#039;acheter des cadeaux pour leurs enfants. Avant que les enfants ne rentrent chez eux pour un long week-end de festivit\u00e9s pour c\u00e9l\u00e9brer l&#039;A\u00efd avec leurs familles, SB leur a r\u00e9serv\u00e9 une surprise. Notre \u00e9quipe et les b\u00e9n\u00e9voles les ont \u00e9merveill\u00e9s avec des musiques joyeuses, des ballons color\u00e9s et des sacs remplis de cadeaux. Le regard que ces 168 enfants nous ont traduit \u00e9tait inestimable.<span class=\"Apple-converted-space\">&nbsp;<\/span><\/p>\n<p>Note : Iftar a \u00e9t\u00e9 offert \u00e0 55 familles (qui sont dans nos centres) pour un total de 245 membres de diff\u00e9rentes familles.<\/p>","protected":false},"excerpt":{"rendered":"<p>Ecrit par Nura Jaafar, Charg\u00e9e de Communication et de D\u00e9veloppement de Projets au Liban Le mois dernier, les musulmans du monde entier je\u00fbnaient entre le lever et le coucher du soleil durant le ramadan. Avant le lever du soleil, ils prenaient le sahur (un petit d\u00e9jeuner que l\u2019on prend tr\u00e8s t\u00f4t) et leur journ\u00e9e se [&hellip;]<\/p>","protected":false},"author":162,"featured_media":3422,"comment_status":"open","ping_status":"closed","sticky":false,"template":"","format":"standard","meta":{"_et_pb_use_builder":"","_et_pb_old_content":"","_et_gb_content_width":"","footnotes":""},"categories":[88,127,139],"tags":[176,59,74,61],"class_list":["post-3429","post","type-post","status-publish","format-standard","has-post-thumbnail","hentry","category-communiques-de-presse","category-fr-autonomisation","category-liban","tag-eid","tag-lebanon","tag-refugees","tag-shatila"],"yoast_head":"<!-- This site is optimized with the Yoast SEO plugin v25.2 - https:\/\/yoast.com\/wordpress\/plugins\/seo\/ -->\n<title>Ramadan Kareem et A\u00efd moubarak depuis Bukhra Ahla ! - SBO - D\u00e9veloppement Durable &amp; Aide Humanitaire<\/title>\n<meta name=\"robots\" content=\"index, follow, max-snippet:-1, max-image-preview:large, max-video-preview:-1\" \/>\n<link rel=\"canonical\" href=\"https:\/\/sboverseas.org\/fr\/ramadan-kareem-et-aid-moubarak-depuis-bukhra-ahla\/\" \/>\n<meta property=\"og:locale\" content=\"fr_FR\" \/>\n<meta property=\"og:type\" content=\"article\" \/>\n<meta property=\"og:title\" content=\"Ramadan Kareem et A\u00efd moubarak depuis Bukhra Ahla ! - SBO - D\u00e9veloppement Durable &amp; Aide Humanitaire\" \/>\n<meta property=\"og:description\" content=\"Ecrit par Nura Jaafar, Charg\u00e9e de Communication et de D\u00e9veloppement de Projets au Liban Le mois dernier, les musulmans du monde entier je\u00fbnaient entre le lever et le coucher du soleil durant le ramadan. Avant le lever du soleil, ils prenaient le sahur (un petit d\u00e9jeuner que l\u2019on prend tr\u00e8s t\u00f4t) et leur journ\u00e9e se [&hellip;]\" \/>\n<meta property=\"og:url\" content=\"https:\/\/sboverseas.org\/fr\/ramadan-kareem-et-aid-moubarak-depuis-bukhra-ahla\/\" \/>\n<meta property=\"og:site_name\" content=\"SBO - D\u00e9veloppement Durable &amp; Aide Humanitaire\" \/>\n<meta property=\"article:published_time\" content=\"2018-06-21T15:14:29+00:00\" \/>\n<meta property=\"og:image\" content=\"https:\/\/sboverseas.org\/wp-content\/uploads\/2018\/06\/image-4.png\" \/>\n\t<meta property=\"og:image:width\" content=\"960\" \/>\n\t<meta property=\"og:image:height\" content=\"720\" \/>\n\t<meta property=\"og:image:type\" content=\"image\/png\" \/>\n<meta name=\"author\" content=\"admin\" \/>\n<meta name=\"twitter:card\" content=\"summary_large_image\" \/>\n<meta name=\"twitter:label1\" content=\"\u00c9crit par\" \/>\n\t<meta name=\"twitter:data1\" content=\"admin\" \/>\n\t<meta name=\"twitter:label2\" content=\"Dur\u00e9e de lecture est.\" \/>\n\t<meta name=\"twitter:data2\" content=\"2 minutes\" \/>\n<script type=\"application\/ld+json\" class=\"yoast-schema-graph\">{\"@context\":\"https:\/\/schema.org\",\"@graph\":[{\"@type\":\"WebPage\",\"@id\":\"https:\/\/sboverseas.org\/ramadan-kareem-et-aid-moubarak-depuis-bukhra-ahla\/\",\"url\":\"https:\/\/sboverseas.org\/ramadan-kareem-et-aid-moubarak-depuis-bukhra-ahla\/\",\"name\":\"Ramadan Kareem et A\u00efd moubarak depuis Bukhra Ahla ! - SBO - D\u00e9veloppement Durable &amp; Aide Humanitaire\",\"isPartOf\":{\"@id\":\"https:\/\/sboverseas.org\/#website\"},\"primaryImageOfPage\":{\"@id\":\"https:\/\/sboverseas.org\/ramadan-kareem-et-aid-moubarak-depuis-bukhra-ahla\/#primaryimage\"},\"image\":{\"@id\":\"https:\/\/sboverseas.org\/ramadan-kareem-et-aid-moubarak-depuis-bukhra-ahla\/#primaryimage\"},\"thumbnailUrl\":\"https:\/\/sboverseas.org\/wp-content\/uploads\/2018\/06\/image-4.png\",\"datePublished\":\"2018-06-21T15:14:29+00:00\",\"author\":{\"@id\":\"https:\/\/sboverseas.org\/#\/schema\/person\/798cbdc4f79ea3b1324971e880f7317d\"},\"inLanguage\":\"fr-BE\",\"potentialAction\":[{\"@type\":\"ReadAction\",\"target\":[\"https:\/\/sboverseas.org\/ramadan-kareem-et-aid-moubarak-depuis-bukhra-ahla\/\"]}]},{\"@type\":\"ImageObject\",\"inLanguage\":\"fr-BE\",\"@id\":\"https:\/\/sboverseas.org\/ramadan-kareem-et-aid-moubarak-depuis-bukhra-ahla\/#primaryimage\",\"url\":\"https:\/\/sboverseas.org\/wp-content\/uploads\/2018\/06\/image-4.png\",\"contentUrl\":\"https:\/\/sboverseas.org\/wp-content\/uploads\/2018\/06\/image-4.png\",\"width\":960,\"height\":720},{\"@type\":\"WebSite\",\"@id\":\"https:\/\/sboverseas.org\/#website\",\"url\":\"https:\/\/sboverseas.org\/\",\"name\":\"SBO - D\u00e9veloppement Durable &amp; Aide Humanitaire\",\"description\":\"Give Hope\",\"potentialAction\":[{\"@type\":\"SearchAction\",\"target\":{\"@type\":\"EntryPoint\",\"urlTemplate\":\"https:\/\/sboverseas.org\/?s={search_term_string}\"},\"query-input\":{\"@type\":\"PropertyValueSpecification\",\"valueRequired\":true,\"valueName\":\"search_term_string\"}}],\"inLanguage\":\"fr-BE\"},{\"@type\":\"Person\",\"@id\":\"https:\/\/sboverseas.org\/#\/schema\/person\/798cbdc4f79ea3b1324971e880f7317d\",\"name\":\"admin\",\"image\":{\"@type\":\"ImageObject\",\"inLanguage\":\"fr-BE\",\"@id\":\"https:\/\/sboverseas.org\/#\/schema\/person\/image\/\",\"url\":\"https:\/\/secure.gravatar.com\/avatar\/63861348f82d85942901b19542593f8585b87f5bd53fd3c961e6defc2462d6ac?s=96&d=mm&r=g\",\"contentUrl\":\"https:\/\/secure.gravatar.com\/avatar\/63861348f82d85942901b19542593f8585b87f5bd53fd3c961e6defc2462d6ac?s=96&d=mm&r=g\",\"caption\":\"admin\"},\"sameAs\":[\"https:\/\/sboverseas.org\"],\"url\":\"https:\/\/sboverseas.org\/fr\/author\/admin\/\"}]}<\/script>\n<!-- \/ Yoast SEO plugin. -->","yoast_head_json":{"title":"Ramadan Kareem et A\u00efd moubarak depuis Bukhra Ahla ! - SBO - D\u00e9veloppement Durable &amp; Aide Humanitaire","robots":{"index":"index","follow":"follow","max-snippet":"max-snippet:-1","max-image-preview":"max-image-preview:large","max-video-preview":"max-video-preview:-1"},"canonical":"https:\/\/sboverseas.org\/fr\/ramadan-kareem-et-aid-moubarak-depuis-bukhra-ahla\/","og_locale":"fr_FR","og_type":"article","og_title":"Ramadan Kareem et A\u00efd moubarak depuis Bukhra Ahla ! - SBO - D\u00e9veloppement Durable &amp; Aide Humanitaire","og_description":"Ecrit par Nura Jaafar, Charg\u00e9e de Communication et de D\u00e9veloppement de Projets au Liban Le mois dernier, les musulmans du monde entier je\u00fbnaient entre le lever et le coucher du soleil durant le ramadan. Avant le lever du soleil, ils prenaient le sahur (un petit d\u00e9jeuner que l\u2019on prend tr\u00e8s t\u00f4t) et leur journ\u00e9e se [&hellip;]","og_url":"https:\/\/sboverseas.org\/fr\/ramadan-kareem-et-aid-moubarak-depuis-bukhra-ahla\/","og_site_name":"SBO - D\u00e9veloppement Durable &amp; Aide Humanitaire","article_published_time":"2018-06-21T15:14:29+00:00","og_image":[{"width":960,"height":720,"url":"https:\/\/sboverseas.org\/wp-content\/uploads\/2018\/06\/image-4.png","type":"image\/png"}],"author":"admin","twitter_card":"summary_large_image","twitter_misc":{"\u00c9crit par":"admin","Dur\u00e9e de lecture est.":"2 minutes"},"schema":{"@context":"https:\/\/schema.org","@graph":[{"@type":"WebPage","@id":"https:\/\/sboverseas.org\/ramadan-kareem-et-aid-moubarak-depuis-bukhra-ahla\/","url":"https:\/\/sboverseas.org\/ramadan-kareem-et-aid-moubarak-depuis-bukhra-ahla\/","name":"Ramadan Kareem et A\u00efd moubarak depuis Bukhra Ahla ! - SBO - D\u00e9veloppement Durable &amp; Aide Humanitaire","isPartOf":{"@id":"https:\/\/sboverseas.org\/#website"},"primaryImageOfPage":{"@id":"https:\/\/sboverseas.org\/ramadan-kareem-et-aid-moubarak-depuis-bukhra-ahla\/#primaryimage"},"image":{"@id":"https:\/\/sboverseas.org\/ramadan-kareem-et-aid-moubarak-depuis-bukhra-ahla\/#primaryimage"},"thumbnailUrl":"https:\/\/sboverseas.org\/wp-content\/uploads\/2018\/06\/image-4.png","datePublished":"2018-06-21T15:14:29+00:00","author":{"@id":"https:\/\/sboverseas.org\/#\/schema\/person\/798cbdc4f79ea3b1324971e880f7317d"},"inLanguage":"fr-BE","potentialAction":[{"@type":"ReadAction","target":["https:\/\/sboverseas.org\/ramadan-kareem-et-aid-moubarak-depuis-bukhra-ahla\/"]}]},{"@type":"ImageObject","inLanguage":"fr-BE","@id":"https:\/\/sboverseas.org\/ramadan-kareem-et-aid-moubarak-depuis-bukhra-ahla\/#primaryimage","url":"https:\/\/sboverseas.org\/wp-content\/uploads\/2018\/06\/image-4.png","contentUrl":"https:\/\/sboverseas.org\/wp-content\/uploads\/2018\/06\/image-4.png","width":960,"height":720},{"@type":"WebSite","@id":"https:\/\/sboverseas.org\/#website","url":"https:\/\/sboverseas.org\/","name":"SBO - D\u00e9veloppement Durable &amp; Aide Humanitaire","description":"Give Hope","potentialAction":[{"@type":"SearchAction","target":{"@type":"EntryPoint","urlTemplate":"https:\/\/sboverseas.org\/?s={search_term_string}"},"query-input":{"@type":"PropertyValueSpecification","valueRequired":true,"valueName":"search_term_string"}}],"inLanguage":"fr-BE"},{"@type":"Person","@id":"https:\/\/sboverseas.org\/#\/schema\/person\/798cbdc4f79ea3b1324971e880f7317d","name":"admin","image":{"@type":"ImageObject","inLanguage":"fr-BE","@id":"https:\/\/sboverseas.org\/#\/schema\/person\/image\/","url":"https:\/\/secure.gravatar.com\/avatar\/63861348f82d85942901b19542593f8585b87f5bd53fd3c961e6defc2462d6ac?s=96&d=mm&r=g","contentUrl":"https:\/\/secure.gravatar.com\/avatar\/63861348f82d85942901b19542593f8585b87f5bd53fd3c961e6defc2462d6ac?s=96&d=mm&r=g","caption":"admin"},"sameAs":["https:\/\/sboverseas.org"],"url":"https:\/\/sboverseas.org\/fr\/author\/admin\/"}]}},"_links":{"self":[{"href":"https:\/\/sboverseas.org\/fr\/wp-json\/wp\/v2\/posts\/3429","targetHints":{"allow":["GET"]}}],"collection":[{"href":"https:\/\/sboverseas.org\/fr\/wp-json\/wp\/v2\/posts"}],"about":[{"href":"https:\/\/sboverseas.org\/fr\/wp-json\/wp\/v2\/types\/post"}],"author":[{"embeddable":true,"href":"https:\/\/sboverseas.org\/fr\/wp-json\/wp\/v2\/users\/162"}],"replies":[{"embeddable":true,"href":"https:\/\/sboverseas.org\/fr\/wp-json\/wp\/v2\/comments?post=3429"}],"version-history":[{"count":0,"href":"https:\/\/sboverseas.org\/fr\/wp-json\/wp\/v2\/posts\/3429\/revisions"}],"wp:featuredmedia":[{"embeddable":true,"href":"https:\/\/sboverseas.org\/fr\/wp-json\/wp\/v2\/media\/3422"}],"wp:attachment":[{"href":"https:\/\/sboverseas.org\/fr\/wp-json\/wp\/v2\/media?parent=3429"}],"wp:term":[{"taxonomy":"category","embeddable":true,"href":"https:\/\/sboverseas.org\/fr\/wp-json\/wp\/v2\/categories?post=3429"},{"taxonomy":"post_tag","embeddable":true,"href":"https:\/\/sboverseas.org\/fr\/wp-json\/wp\/v2\/tags?post=3429"}],"curies":[{"name":"wp","href":"https:\/\/api.w.org\/{rel}","templated":true}]}}