{"id":17515,"date":"2019-12-11T17:28:13","date_gmt":"2019-12-11T16:28:13","guid":{"rendered":"https:\/\/sboverseas.org\/?p=17515"},"modified":"2019-12-11T17:28:13","modified_gmt":"2019-12-11T16:28:13","slug":"17515","status":"publish","type":"post","link":"https:\/\/sboverseas.org\/fr\/17515\/","title":{"rendered":"Besoin de plus de soutien juridique et de services psychologiques pour une protection ad\u00e9quate des jeunes migrants \u00e0 Bruxelles"},"content":{"rendered":"<p>En cette fin d&#039;ann\u00e9e, nous r\u00e9fl\u00e9chissons \u00e0 ce que nous avons appris de notre travail dans les centres d&#039;h\u00e9bergement pour jeunes migrants non accompagn\u00e9s. Rien qu&#039;au cours des 3 derniers mois, nous avons travaill\u00e9 pour am\u00e9liorer la sant\u00e9 mentale et sociale de 131 jeunes, avec l&#039;aide de 24 b\u00e9n\u00e9voles locaux et de 4 partenaires locaux. <\/p>\n\n\n\n<p>Bien que la cr\u00e9ation de ce lien entre les jeunes et la communaut\u00e9 au sens large soit un pas en avant pour le bien-\u00eatre psychosocial des jeunes, une grande partie de ce \u00e0 quoi ces jeunes sont confront\u00e9s fait reculer leur sant\u00e9 mentale. <\/p>\n\n\n\n<p>Nous restons particuli\u00e8rement pr\u00e9occup\u00e9s par les points suivants\u00a0:<\/p>\n\n\n\n<ul class=\"wp-block-list\"><li><strong>+ <\/strong>les jeunes viennent principalement de pays qui sont moins susceptibles d&#039;\u00eatre reconnus comme r\u00e9fugi\u00e9s (selon les statistiques de reconnaissance du CGRA), mais il y a un manque de m\u00e9canisme de soutien pour ceux qui sont refus\u00e9s et en outre pour ceux qui atteignent l&#039;\u00e2ge de 18 ans et sont refus\u00e9s, leur donnant peu d&#039;options pour trouver un logement s\u00fbr pour leur avenir ; et&nbsp; <\/li><\/ul>\n\n\n\n<p><\/p>\n\n\n\n<ul class=\"wp-block-list\"><li><strong>+ <\/strong>il a \u00e9t\u00e9 prouv\u00e9 que le contr\u00f4le accru de l&#039;\u00e2ge et des demandes d&#039;asile des jeunes exerce une pression psychologique suppl\u00e9mentaire sur eux, entra\u00eenant une ins\u00e9curit\u00e9 prolong\u00e9e dans leur vie. <\/li><\/ul>\n\n\n\n<p>Ces probl\u00e8mes placent les jeunes dans une position encore plus pr\u00e9caire qu&#039;ils ne le sont d\u00e9j\u00e0, simplement parce qu&#039;ils sont des jeunes \u00e0 la recherche de s\u00e9curit\u00e9 par eux-m\u00eames. <\/p>\n\n\n\n<p>Bien qu&#039;il soit gravement pr\u00e9occupant que le <a href=\"https:\/\/www.rtbf.be\/info\/monde\/detail_427-enfants-en-migration-portes-disparus-en-belgique?id=10382314&amp;utm_source=rtbfinfo&amp;utm_campaign=social_share&amp;utm_medium=fb_share&amp;fbclid=IwAR0ZxP8SutOiV55vCWyVeLovJQO7EUHCo2wsAS4Yw4DLMiCU_B-xqxjzTyc\">les rapports les plus r\u00e9cents montrent que 427 mineurs ont quitt\u00e9 les centres FEDASIL<\/a> avant de demander l&#039;asile ou au cours de leur d\u00e9marche, il est \u00e9vident que ces qualifications juridiques strictes et les pressions exerc\u00e9es sur ces jeunes peuvent avoir un impact. <\/p>\n\n\n\n<p>Afin de r\u00e9pondre \u00e0 ces pr\u00e9occupations, en 2020, nous continuerons \u00e0 travailler sur les points suivants\u00a0: <\/p>\n\n\n\n<ul class=\"wp-block-list\"><li><strong>+ <\/strong>surveiller l&#039;application de la loi telle qu&#039;elle est pr\u00e9vue dans le respect du droit des jeunes \u00e0 demander une protection internationale, quel que soit leur \u00e2ge ou leur nationalit\u00e9 ; <\/li><\/ul>\n\n\n\n<p><\/p>\n\n\n\n<ul class=\"wp-block-list\"><li><strong>+ <\/strong>plaider pour l&#039;am\u00e9lioration de la proc\u00e9dure d&#039;examen de leur demande de protection internationale afin d&#039;\u00e9viter de prolonger leur ins\u00e9curit\u00e9 personnelle et leur sentiment d&#039;incertitude ; et<\/li><\/ul>\n\n\n\n<p><\/p>\n\n\n\n<ul class=\"wp-block-list\"><li><strong>+ <\/strong>informer le public sur la situation des jeunes r\u00e9fugi\u00e9s \u00e0 Bruxelles par la diffusion active d&#039;informations, par le partage de rapports comme celui-ci avec des plateformes qui s&#039;engagent aupr\u00e8s d&#039;acteurs r\u00e9gionaux et internationaux.<\/li><\/ul>\n\n\n\n<p>En tant que SB Overseas, notre priorit\u00e9 concr\u00e8te est d&#039;accompagner ces jeunes dans les parcours \u00e9prouvants d\u00e9crits dans <a href=\"https:\/\/bit.ly\/38vEaN8\">notre dernier rapport<\/a>. Bien que nous ayons une orientation psychosociale dans nos activit\u00e9s, nous reconnaissons que dans certains cas, toute mesure positive que nous pouvons aider les jeunes \u00e0 prendre dans leur bien-\u00eatre personnel, un appel t\u00e9l\u00e9phonique ou un document des autorit\u00e9s belges pourrait les faire reculer de 10 pas.<\/p>\n\n\n\n<p>Pour cette raison, et parce que nous avons le privil\u00e8ge d&#039;\u00eatre au centre politique de l&#039;Europe et d&#039;avoir acc\u00e8s aux d\u00e9cideurs \u00e0 Bruxelles et dans le monde, nous consid\u00e9rons qu&#039;il est de notre devoir de les sensibiliser aux circonstances que vivent ces jeunes due principalement \u00e0 des d\u00e9cisions politiques. <\/p>\n\n\n\n<p>Avec la publication de rapports ult\u00e9rieurs dans les mois suivants, cette entreprise se poursuit dans le but de faire entrer les histoires de ces jeunes dans ces espaces politiques et sociaux pour faire de leur r\u00e9cit le r\u00e9cit dominant. <\/p>","protected":false},"excerpt":{"rendered":"<p>As the year comes to a close we reflect on our what we\u2019ve learned from our work in the centres for the accommodation of unaccompanied young migrants. Just in the last 3 months we have worked to improve the mental and social health of 131 young people, with the help of 24 local volunteers and [&hellip;]<\/p>","protected":false},"author":162,"featured_media":17516,"comment_status":"open","ping_status":"closed","sticky":true,"template":"","format":"standard","meta":{"_et_pb_use_builder":"","_et_pb_old_content":"","_et_gb_content_width":"","footnotes":""},"categories":[137],"tags":[],"class_list":["post-17515","post","type-post","status-publish","format-standard","has-post-thumbnail","hentry","category-belgium"],"yoast_head":"<!-- This site is optimized with the Yoast SEO plugin v25.2 - https:\/\/yoast.com\/wordpress\/plugins\/seo\/ -->\n<title>Need for more legal support &amp; psychological services for the adequate protection of young migrants in Brussels - SBO - D\u00e9veloppement Durable &amp; Aide Humanitaire<\/title>\n<meta name=\"robots\" content=\"index, follow, max-snippet:-1, max-image-preview:large, max-video-preview:-1\" \/>\n<link rel=\"canonical\" href=\"http:\/\/sboverseas.org\/fr\/17515\/\" \/>\n<meta property=\"og:locale\" content=\"fr_FR\" \/>\n<meta property=\"og:type\" content=\"article\" \/>\n<meta property=\"og:title\" content=\"Need for more legal support &amp; psychological services for the adequate protection of young migrants in Brussels - SBO - D\u00e9veloppement Durable &amp; Aide Humanitaire\" \/>\n<meta property=\"og:description\" content=\"As the year comes to a close we reflect on our what we\u2019ve learned from our work in the centres for the accommodation of unaccompanied young migrants. Just in the last 3 months we have worked to improve the mental and social health of 131 young people, with the help of 24 local volunteers and [&hellip;]\" \/>\n<meta property=\"og:url\" content=\"http:\/\/sboverseas.org\/fr\/17515\/\" \/>\n<meta property=\"og:site_name\" content=\"SBO - D\u00e9veloppement Durable &amp; Aide Humanitaire\" \/>\n<meta property=\"article:published_time\" content=\"2019-12-11T16:28:13+00:00\" \/>\n<meta property=\"og:image\" content=\"https:\/\/sboverseas.org\/wp-content\/uploads\/2019\/12\/WhatsApp-Image-2019-10-12-at-16.39.44.jpeg\" \/>\n\t<meta property=\"og:image:width\" content=\"1600\" \/>\n\t<meta property=\"og:image:height\" content=\"1200\" \/>\n\t<meta property=\"og:image:type\" content=\"image\/jpeg\" \/>\n<meta name=\"author\" content=\"admin\" \/>\n<meta name=\"twitter:card\" content=\"summary_large_image\" \/>\n<meta name=\"twitter:label1\" content=\"\u00c9crit par\" \/>\n\t<meta name=\"twitter:data1\" content=\"admin\" \/>\n\t<meta name=\"twitter:label2\" content=\"Dur\u00e9e de lecture est.\" \/>\n\t<meta name=\"twitter:data2\" content=\"3 minutes\" \/>\n<script type=\"application\/ld+json\" class=\"yoast-schema-graph\">{\"@context\":\"https:\/\/schema.org\",\"@graph\":[{\"@type\":\"WebPage\",\"@id\":\"http:\/\/sboverseas.org\/nl\/17515\/\",\"url\":\"http:\/\/sboverseas.org\/nl\/17515\/\",\"name\":\"Need for more legal support & psychological services for the adequate protection of young migrants in Brussels - SBO - D\u00e9veloppement Durable &amp; Aide Humanitaire\",\"isPartOf\":{\"@id\":\"https:\/\/sboverseas.org\/#website\"},\"primaryImageOfPage\":{\"@id\":\"http:\/\/sboverseas.org\/nl\/17515\/#primaryimage\"},\"image\":{\"@id\":\"http:\/\/sboverseas.org\/nl\/17515\/#primaryimage\"},\"thumbnailUrl\":\"https:\/\/sboverseas.org\/wp-content\/uploads\/2019\/12\/WhatsApp-Image-2019-10-12-at-16.39.44.jpeg\",\"datePublished\":\"2019-12-11T16:28:13+00:00\",\"author\":{\"@id\":\"https:\/\/sboverseas.org\/#\/schema\/person\/798cbdc4f79ea3b1324971e880f7317d\"},\"inLanguage\":\"fr-BE\",\"potentialAction\":[{\"@type\":\"ReadAction\",\"target\":[\"http:\/\/sboverseas.org\/nl\/17515\/\"]}]},{\"@type\":\"ImageObject\",\"inLanguage\":\"fr-BE\",\"@id\":\"http:\/\/sboverseas.org\/nl\/17515\/#primaryimage\",\"url\":\"https:\/\/sboverseas.org\/wp-content\/uploads\/2019\/12\/WhatsApp-Image-2019-10-12-at-16.39.44.jpeg\",\"contentUrl\":\"https:\/\/sboverseas.org\/wp-content\/uploads\/2019\/12\/WhatsApp-Image-2019-10-12-at-16.39.44.jpeg\",\"width\":1600,\"height\":1200},{\"@type\":\"WebSite\",\"@id\":\"https:\/\/sboverseas.org\/#website\",\"url\":\"https:\/\/sboverseas.org\/\",\"name\":\"SBO - D\u00e9veloppement Durable &amp; Aide Humanitaire\",\"description\":\"Give Hope\",\"potentialAction\":[{\"@type\":\"SearchAction\",\"target\":{\"@type\":\"EntryPoint\",\"urlTemplate\":\"https:\/\/sboverseas.org\/?s={search_term_string}\"},\"query-input\":{\"@type\":\"PropertyValueSpecification\",\"valueRequired\":true,\"valueName\":\"search_term_string\"}}],\"inLanguage\":\"fr-BE\"},{\"@type\":\"Person\",\"@id\":\"https:\/\/sboverseas.org\/#\/schema\/person\/798cbdc4f79ea3b1324971e880f7317d\",\"name\":\"admin\",\"image\":{\"@type\":\"ImageObject\",\"inLanguage\":\"fr-BE\",\"@id\":\"https:\/\/sboverseas.org\/#\/schema\/person\/image\/\",\"url\":\"https:\/\/secure.gravatar.com\/avatar\/63861348f82d85942901b19542593f8585b87f5bd53fd3c961e6defc2462d6ac?s=96&d=mm&r=g\",\"contentUrl\":\"https:\/\/secure.gravatar.com\/avatar\/63861348f82d85942901b19542593f8585b87f5bd53fd3c961e6defc2462d6ac?s=96&d=mm&r=g\",\"caption\":\"admin\"},\"sameAs\":[\"https:\/\/sboverseas.org\"],\"url\":\"https:\/\/sboverseas.org\/fr\/author\/admin\/\"}]}<\/script>\n<!-- \/ Yoast SEO plugin. -->","yoast_head_json":{"title":"Need for more legal support & psychological services for the adequate protection of young migrants in Brussels - SBO - D\u00e9veloppement Durable &amp; Aide Humanitaire","robots":{"index":"index","follow":"follow","max-snippet":"max-snippet:-1","max-image-preview":"max-image-preview:large","max-video-preview":"max-video-preview:-1"},"canonical":"http:\/\/sboverseas.org\/fr\/17515\/","og_locale":"fr_FR","og_type":"article","og_title":"Need for more legal support & psychological services for the adequate protection of young migrants in Brussels - SBO - D\u00e9veloppement Durable &amp; Aide Humanitaire","og_description":"As the year comes to a close we reflect on our what we\u2019ve learned from our work in the centres for the accommodation of unaccompanied young migrants. Just in the last 3 months we have worked to improve the mental and social health of 131 young people, with the help of 24 local volunteers and [&hellip;]","og_url":"http:\/\/sboverseas.org\/fr\/17515\/","og_site_name":"SBO - D\u00e9veloppement Durable &amp; Aide Humanitaire","article_published_time":"2019-12-11T16:28:13+00:00","og_image":[{"width":1600,"height":1200,"url":"https:\/\/sboverseas.org\/wp-content\/uploads\/2019\/12\/WhatsApp-Image-2019-10-12-at-16.39.44.jpeg","type":"image\/jpeg"}],"author":"admin","twitter_card":"summary_large_image","twitter_misc":{"\u00c9crit par":"admin","Dur\u00e9e de lecture est.":"3 minutes"},"schema":{"@context":"https:\/\/schema.org","@graph":[{"@type":"WebPage","@id":"http:\/\/sboverseas.org\/nl\/17515\/","url":"http:\/\/sboverseas.org\/nl\/17515\/","name":"Need for more legal support & psychological services for the adequate protection of young migrants in Brussels - SBO - D\u00e9veloppement Durable &amp; Aide Humanitaire","isPartOf":{"@id":"https:\/\/sboverseas.org\/#website"},"primaryImageOfPage":{"@id":"http:\/\/sboverseas.org\/nl\/17515\/#primaryimage"},"image":{"@id":"http:\/\/sboverseas.org\/nl\/17515\/#primaryimage"},"thumbnailUrl":"https:\/\/sboverseas.org\/wp-content\/uploads\/2019\/12\/WhatsApp-Image-2019-10-12-at-16.39.44.jpeg","datePublished":"2019-12-11T16:28:13+00:00","author":{"@id":"https:\/\/sboverseas.org\/#\/schema\/person\/798cbdc4f79ea3b1324971e880f7317d"},"inLanguage":"fr-BE","potentialAction":[{"@type":"ReadAction","target":["http:\/\/sboverseas.org\/nl\/17515\/"]}]},{"@type":"ImageObject","inLanguage":"fr-BE","@id":"http:\/\/sboverseas.org\/nl\/17515\/#primaryimage","url":"https:\/\/sboverseas.org\/wp-content\/uploads\/2019\/12\/WhatsApp-Image-2019-10-12-at-16.39.44.jpeg","contentUrl":"https:\/\/sboverseas.org\/wp-content\/uploads\/2019\/12\/WhatsApp-Image-2019-10-12-at-16.39.44.jpeg","width":1600,"height":1200},{"@type":"WebSite","@id":"https:\/\/sboverseas.org\/#website","url":"https:\/\/sboverseas.org\/","name":"SBO - D\u00e9veloppement Durable &amp; Aide Humanitaire","description":"Give Hope","potentialAction":[{"@type":"SearchAction","target":{"@type":"EntryPoint","urlTemplate":"https:\/\/sboverseas.org\/?s={search_term_string}"},"query-input":{"@type":"PropertyValueSpecification","valueRequired":true,"valueName":"search_term_string"}}],"inLanguage":"fr-BE"},{"@type":"Person","@id":"https:\/\/sboverseas.org\/#\/schema\/person\/798cbdc4f79ea3b1324971e880f7317d","name":"admin","image":{"@type":"ImageObject","inLanguage":"fr-BE","@id":"https:\/\/sboverseas.org\/#\/schema\/person\/image\/","url":"https:\/\/secure.gravatar.com\/avatar\/63861348f82d85942901b19542593f8585b87f5bd53fd3c961e6defc2462d6ac?s=96&d=mm&r=g","contentUrl":"https:\/\/secure.gravatar.com\/avatar\/63861348f82d85942901b19542593f8585b87f5bd53fd3c961e6defc2462d6ac?s=96&d=mm&r=g","caption":"admin"},"sameAs":["https:\/\/sboverseas.org"],"url":"https:\/\/sboverseas.org\/fr\/author\/admin\/"}]}},"_links":{"self":[{"href":"https:\/\/sboverseas.org\/fr\/wp-json\/wp\/v2\/posts\/17515","targetHints":{"allow":["GET"]}}],"collection":[{"href":"https:\/\/sboverseas.org\/fr\/wp-json\/wp\/v2\/posts"}],"about":[{"href":"https:\/\/sboverseas.org\/fr\/wp-json\/wp\/v2\/types\/post"}],"author":[{"embeddable":true,"href":"https:\/\/sboverseas.org\/fr\/wp-json\/wp\/v2\/users\/162"}],"replies":[{"embeddable":true,"href":"https:\/\/sboverseas.org\/fr\/wp-json\/wp\/v2\/comments?post=17515"}],"version-history":[{"count":0,"href":"https:\/\/sboverseas.org\/fr\/wp-json\/wp\/v2\/posts\/17515\/revisions"}],"wp:featuredmedia":[{"embeddable":true,"href":"https:\/\/sboverseas.org\/fr\/wp-json\/wp\/v2\/media\/17516"}],"wp:attachment":[{"href":"https:\/\/sboverseas.org\/fr\/wp-json\/wp\/v2\/media?parent=17515"}],"wp:term":[{"taxonomy":"category","embeddable":true,"href":"https:\/\/sboverseas.org\/fr\/wp-json\/wp\/v2\/categories?post=17515"},{"taxonomy":"post_tag","embeddable":true,"href":"https:\/\/sboverseas.org\/fr\/wp-json\/wp\/v2\/tags?post=17515"}],"curies":[{"name":"wp","href":"https:\/\/api.w.org\/{rel}","templated":true}]}}