{"id":17120,"date":"2019-12-01T09:00:50","date_gmt":"2019-12-01T08:00:50","guid":{"rendered":"https:\/\/sboverseas.org\/?p=17120"},"modified":"2019-12-01T09:00:50","modified_gmt":"2019-12-01T08:00:50","slug":"report-young-refugees-living-in-reception-accommodation-centres-in-brussels","status":"publish","type":"post","link":"https:\/\/sboverseas.org\/fr\/report-young-refugees-living-in-reception-accommodation-centres-in-brussels\/","title":{"rendered":"RAPPORT : Jeunes r\u00e9fugi\u00e9s vivant dans des centres d&#039;accueil et d&#039;h\u00e9bergement \u00e0 Bruxelles"},"content":{"rendered":"<h4 class=\"wp-block-heading\" style=\"text-align:center\"><em>Un examen critique des conditions psychosociales, juridiques et de vie des jeunes demandeurs de protection internationale  <\/em><\/h4>\n\n\n\n<p><\/p>\n\n\n\n<p style=\"text-align:center\"><em>R\u00e9dig\u00e9 et publi\u00e9 par le si\u00e8ge bruxellois de <\/em><a href=\"https:\/\/sboverseas.org\/fr\/\"><em>Soutien Belge OverSeas<\/em><\/a><em>, une organisation humanitaire belge \u00e0 but non lucratif enregistr\u00e9e (association sans but lucratif, ASBL) d\u00e9di\u00e9e \u00e0 l&#039;aide humanitaire aux r\u00e9fugi\u00e9s et aux victimes de conflits. Nos op\u00e9rations se divisent en trois activit\u00e9s : \u00e9ducation, aide d&#039;urgence et autonomisation. SB OverSeas travaille avec des r\u00e9fugi\u00e9s dans deux zones g\u00e9ographiques cibl\u00e9es : le Liban et la Belgique. En Belgique, nous travaillons pour soutenir les mineurs non accompagn\u00e9s et les femmes majeures dans quatre centres d&#039;accueil et d&#039;h\u00e9bergement afin de favoriser l&#039;inclusion.<\/em><\/p>\n\n\n\n<h3 class=\"wp-block-heading\"><a>R\u00e9sum\u00e9<\/a><\/h3>\n\n\n\n<p>Apr\u00e8s cinq ans de soutien aux jeunes r\u00e9fugi\u00e9s vivant \u00e0 Bruxelles par le biais d&#039;activit\u00e9s de soutien psychosocial, d&#039;engagement avec la communaut\u00e9 locale et d&#039;exposition aux comp\u00e9tences et aux opportunit\u00e9s futures, ce rapport pr\u00e9sente les observations critiques de la pr\u00e9carit\u00e9 dans la vie de ces jeunes. La discussion porte sur trois \u00e9l\u00e9ments de protection que nous consid\u00e9rons n\u00e9cessaires \u00e0 la s\u00e9curit\u00e9 personnelle des jeunes dans cette situation pr\u00e9caire\u00a0: un espace de vie physique positif, un environnement de soutien et d&#039;orientation psychologiques et le respect de leurs droits dans la recherche d&#039;une protection internationale.<\/p>\n\n\n\n<h3 class=\"wp-block-heading\"><a>Introduction<\/a><\/h3>\n\n\n\n<p>En 2015, SB OverSeas a commenc\u00e9 \u00e0 soutenir les r\u00e9fugi\u00e9s \u00e0 Bruxelles au Parc Maximilien en collaboration avec <a href=\"https:\/\/medecinsdumonde.be\/\">M\u00e9decins du Monde<\/a> o\u00f9 nous avons apport\u00e9 un soutien psychosociologique aux jeunes et aux familles. Le projet SB Espoir est n\u00e9 en 2017 d&#039;un besoin d&#039;accompagnement des jeunes en mobilit\u00e9 \u00e0 Bruxelles. En 2016, nous nous sommes associ\u00e9s \u00e0 <a href=\"http:\/\/www.bxlrefugees.be\/\">Plateforme Citoyenne de Soutien aux R\u00e9fugi\u00e9s<\/a> ainsi que MDM pour accompagner les familles, les jeunes et les enfants dans deux centres d&#039;h\u00e9bergement et d&#039;accompagnement de l&#039;\u00e9poque, Petit Ch\u00e2teau et Quai de Willebroeck. Notre concentration sur les jeunes d\u00e9coule des d\u00e9fis nuanc\u00e9s auxquels sont confront\u00e9s les individus \u00e2g\u00e9s de 14 \u00e0 25 ans li\u00e9s aux traumatismes, aux sentiments d&#039;isolement au-del\u00e0 de ceux typiques du d\u00e9veloppement des adolescents et aux relations interpersonnelles et intercommunautaires auxquelles les jeunes sont universellement confront\u00e9s. Nous travaillons avec ce groupe depuis cinq ans dans une capacit\u00e9 qui n&#039;est pas li\u00e9e \u00e0 leur statut d&#039;asile ni en aucune fa\u00e7on avec l&#039;int\u00e9r\u00eat de conna\u00eetre leurs raisons de quitter leur pays d&#039;origine, de venir en Belgique ou d&#039;autres d\u00e9tails personnels. Avec cette approche, nous avons cr\u00e9\u00e9 un espace de confiance avec les jeunes vivant dans les centres d&#039;h\u00e9bergement et d&#039;accueil. Cette confiance a fait grandir notre projet en 2019 de mener des activit\u00e9s dans quatre centres accueillant des jeunes demandeurs d&#039;asile, ce qui inclut tous les centres qui se trouvent dans la capitale bruxelloise. <\/p>\n\n\n\n<p>Fin 2019, nous avons d\u00e9cid\u00e9 de d\u00e9placer davantage notre mission \u00e0 Bruxelles pour nous engager aupr\u00e8s de la communaut\u00e9 nationale, r\u00e9gionale et internationale sur les d\u00e9fis de la vie de ces jeunes. Ce rapport a \u00e9t\u00e9 cr\u00e9\u00e9 pour commencer ce processus\u00a0: dans ce document, vous trouverez des informations provenant de notes de terrain qui serviront de base \u00e0 une analyse future, dans le but d&#039;apporter les r\u00e9alit\u00e9s quotidiennes des jeunes<a href=\"#_ftn1\">[1]<\/a>\ndans les salles de conf\u00e9rence, les parlements et les d\u00e9bats publics en Belgique, et \u00e0 l&#039;\u00e9chelle mondiale dans l&#039;Union europ\u00e9enne et au-del\u00e0.&nbsp; <\/p>\n\n\n\n<h5 class=\"wp-block-heading\"><a>Une m\u00e9thodologie non conventionnelle<\/a><\/h5>\n\n\n\n<p>Les informations originales utilis\u00e9es pour cr\u00e9er ce rapport proviennent d&#039;observations critiques de notre projet SB Espoir qui dure depuis cinq ans. Ces premiers constats sont souvent faits de fa\u00e7on informelle par les animateurs d&#039;activit\u00e9s, les coordonnateurs et le superviseur du projet apr\u00e8s des interactions avec les jeunes du centre. Ces observations ne sont en aucun cas indicatives de v\u00e9rit\u00e9s absolues concernant la vie des jeunes en mobilit\u00e9 en Belgique, mais visent \u00e0 fournir des informations suppl\u00e9mentaires sur leur logement, le soutien qu&#039;ils re\u00e7oivent et les d\u00e9fis auxquels ils sont confront\u00e9s. En tant que rapport pr\u00e9liminaire, ce document manque \u00e9galement des voix des jeunes eux-m\u00eames. De ce fait, une grande partie de l&#039;analyse se concentrera sur la structure et l&#039;environnement des jeunes, plut\u00f4t que sur leurs interactions personnelles avec leur environnement. Avec ce premier rapport, nous avons l&#039;intention de jeter les bases d&#039;un rapport plus approfondi qui aborde l&#039;absence de voix des jeunes et donne plus de pouvoir aux jeunes pour explorer d&#039;autres perspectives de ce type. <\/p>\n\n\n\n<p>Au-del\u00e0 des observations critiques, ce rapport synth\u00e9tise les informations de nos partenaires et groupes de d\u00e9fense en Belgique dont SB OverSeas est membre. Ces informations comprennent des donn\u00e9es statistiques de FEDASIL et de la Croix-Rouge belge, des rapports de situation de PICUM, EPIM, ECRE, UNHCR, des analyses de sources universitaires et d&#039;autres observateurs et d\u00e9fenseurs, comme indiqu\u00e9 dans la bibliographie en note de bas de page. <\/p>\n\n\n\n<p>Ce rapport se veut non seulement une pr\u00e9sentation d&#039;informations, mais une analyse critique des m\u00e9canismes qui r\u00e9gissent et fa\u00e7onnent la vie des jeunes en mobilit\u00e9 \u00e0 Bruxelles. Il est divis\u00e9 en trois parties, analysant les aspects physiques, juridiques et psycho-sociaux de la vie d&#039;un jeune demandeur de protection internationale \u00e0 Bruxelles.\n<\/p>\n\n\n\n<h3 class=\"wp-block-heading\"><a>La jeunesse : les jeunes en mouvement<\/a><\/h3>\n\n\n\n<p>C&#039;est un d\u00e9fi et une quasi-impossibilit\u00e9 de caract\u00e9riser les jeunes que nous rencontrons dans le projet SB Espoir comme un seul groupe. Dans cette rubrique, nous tenterons de vous pr\u00e9senter ces personnes dans le cadre de leur d\u00e9placement en Belgique, et de leur vie dans les centres bruxellois. Une chose que tous ces individus ont en commun est qu&#039;ils sont jeunes,<a href=\"#_ftn2\">[2]<\/a>\nils ont migr\u00e9 vers la Belgique depuis un pays hors UE et EEE, ils vivent dans les centres d&#039;h\u00e9bergement ou d&#039;accueil \u00e0 Bruxelles et ils ne sont actuellement chez aucun de leurs parents ou tuteurs - c&#039;est pourquoi nous pouvons les qualifier de jeunes sur le d\u00e9m\u00e9nagement. <\/p>\n\n\n\n<p>La majorit\u00e9 des jeunes qui vivent dans les centres ont entre 16 et 18 ans ; ils sont un groupe d&#039;adolescents qui sont \u00e9galement majoritairement masculins.<a href=\"#_ftn3\">[3]<\/a>\nAlors que leurs informations sur l&#039;\u00e2ge et le sexe sont des caract\u00e9ristiques d\u00e9mographiques qui peuvent \u00eatre g\u00e9n\u00e9ralis\u00e9es \u00e0 certains \u00e9gards, leurs informations ethniques, nationales et autres informations personnelles li\u00e9es \u00e0 l&#039;identit\u00e9 sont si vari\u00e9es qu&#039;il est presque impossible de g\u00e9n\u00e9raliser. L&#039;origine des jeunes et la fa\u00e7on dont ils s&#039;identifient varient \u00e0 la fois en termes de pays dans lesquels ils vivaient avant de venir en Belgique et d&#039;appartenance ethnique. Les d\u00e9tails du rapport du HCR<a href=\"#_ftn4\">[4]<\/a>\nque les pays d&#039;origine les plus fr\u00e9quents de ces jeunes sont l&#039;Er\u00e9trie, l&#039;Afghanistan, l&#039;Alg\u00e9rie, le Maroc et le Soudan. Cette affirmation ne veut pas dire que ce sont exclusivement les pays d&#039;origine de ces jeunes ; dans nos activit\u00e9s, nous avons rencontr\u00e9 de nombreux jeunes qui nous ont dit qu&#039;ils venaient d&#039;Iran, de Guin\u00e9e-Conakry, du Congo, de Syrie, de Palestine, d&#039;Albanie, du Venezuela et d&#039;Angola, pour n&#039;en nommer que quelques-uns. Comme mentionn\u00e9 pr\u00e9c\u00e9demment, cependant, nous ne nous engageons pas activement dans cette conversation avec les jeunes.<\/p>\n\n\n\n<p><em>Figure 1 : Demande de protection internationale des jeunes en Belgique<\/em><\/p>\n\n\n\n<table class=\"wp-block-table is-style-stripes\"><tbody><tr><td>\n  <strong>Pays d&#039;origine<\/strong>\n  <\/td><td>   <strong>Nombre de candidatures <\/strong><br><strong>(du 1er janvier au 30 juin 2019)<\/strong>   <\/td><\/tr><tr><td>\n  <strong>Afghanistan<\/strong>\n  <\/td><td>\n  318*\n  <\/td><\/tr><tr><td>\n  <strong>Guin\u00e9e<\/strong>\n  <\/td><td>\n  85*\n  <\/td><\/tr><tr><td>\n  <strong>Somalie<\/strong>\n  <\/td><td>\n  56*\n  <\/td><\/tr><tr><td>\n  <strong>\u00c9r\u00e9trie<\/strong>\n  <\/td><td>\n  37*\n  <\/td><\/tr><tr><td>\n  <strong>Syrie<\/strong>\n  <\/td><td>\n  22*\n  <\/td><\/tr><tr><td>\n  <strong>Total<\/strong>\n  <\/td><td>\n  429*\n  <\/td><\/tr><\/tbody><\/table>\n\n\n\n<p class=\"has-small-font-size\"><em>*Notez que cela inclut les jeunes qui ont \u00e9t\u00e9 identifi\u00e9s ou qui s&#039;auto-identifient comme ayant moins de 18 ans, avant tout examen de leur \u00e2ge.<\/em><\/p>\n\n\n\n<p class=\"has-small-font-size\"><em>Source : Commissariat g\u00e9n\u00e9ral aux r\u00e9fugi\u00e9s et aux apatrides<\/em><\/p>\n\n\n\n<p>L&#039;indicateur le plus courant utilis\u00e9 par l&#039;\u00e9quipe SB pour identifier le pays d&#039;origine ou l&#039;ethnicit\u00e9 lors des activit\u00e9s dans lesquelles nous nous engageons est la langue. Certains jeunes parlent le fran\u00e7ais (ceux des pays francophones) mais parfois m\u00e9lang\u00e9 avec un dialecte ou des aspects d&#039;une autre langue. Il en va de m\u00eame pour les anglophones, sauf pour ceux qui ont appris l&#039;anglais s\u00e9par\u00e9ment de leur langue maternelle. Nous avons rencontr\u00e9 de nombreux jeunes qui ont appris l&#039;anglais \u00e0 leur arriv\u00e9e en Europe, ainsi que d&#039;autres langues telles que le grec, l&#039;espagnol ou l&#039;italien en raison du temps qu&#039;ils ont pass\u00e9 dans d&#039;autres pays de l&#039;UE, ce qui fait que de nombreux jeunes sont multilingues. En dehors de cela, les autres langues que nous entendons parler chez les jeunes sont le farsi ou le dari, le pashto, l&#039;hindi, l&#039;ourdou, le bengali, l&#039;arabe, l&#039;espagnol, l&#039;albanais et le kurde. Notez que cette liste de langues n&#039;inclut pas les dialectes et les langues locales qui sont m\u00e9lang\u00e9s avec le fran\u00e7ais ou l&#039;anglais. <\/p>\n\n\n\n<p>Si beaucoup de jeunes sont effectivement demandeurs d&#039;asile (un processus qui sera abord\u00e9 dans une section suivante), cela ne peut pas \u00eatre dit de mani\u00e8re absolue pour tous les r\u00e9sidents des centres. En tant que ressortissants de pays tiers au regard du droit belge, ils doivent obtenir un titre de s\u00e9jour pour s\u00e9journer dans le pays. Pour certains, ce permis de s\u00e9jour peut \u00eatre obtenu en demandant une protection internationale et en suivant la proc\u00e9dure pour obtenir le statut de r\u00e9fugi\u00e9 ou la protection subsidiaire<a href=\"#_ftn5\">[5]<\/a>. Ces personnes sont souvent originaires de pays consid\u00e9r\u00e9s comme hautement reconnus, ce qui signifie que plus de 80 % des cas de demandeurs qui demandent une protection internationale \u00e0 ces pays obtiennent un statut ; les personnes originaires d&#039;El Salvador, d&#039;\u00c9rythr\u00e9e, du Y\u00e9men, de Libye, de Palestine, de Syrie, du Venezuela et du Burundi sont plus susceptibles d&#039;obtenir le statut de r\u00e9fugi\u00e9.<a href=\"#_ftn6\">[6]<\/a>\nPour d&#039;autres, c&#039;est un sc\u00e9nario plus improbable ; en particulier ceux qui sont originaires de pays que le gouvernement belge ne consid\u00e8re pas comme leurs r\u00e9fugi\u00e9s (pays \u00e0 faible taux de reconnaissance) et donc d&#039;autres voies de r\u00e9sidence sont recherch\u00e9es. <\/p>\n\n\n\n<h3 class=\"wp-block-heading\"><a>Les centres : vivre \u00e0 Bruxelles<\/a><\/h3>\n\n\n\n<p>Il est int\u00e9ressant et important de noter que les structures de prise en charge des ressortissants de pays tiers de moins de 18 ans sont diff\u00e9rentes des structures de prise en charge des ressortissants belges non accompagn\u00e9s ou des citoyens de moins de 18 ans.<a href=\"#_ftn7\">[7]<\/a>\nLorsqu&#039;un jeune arrive en Belgique et s&#039;identifie comme mineur voyageant seul, sans parent ni tuteur, son premier lieu d&#039;h\u00e9bergement officiel est ce qu&#039;on appelle un \u00ab centre d&#039;observation et d&#039;orientation \u00bb g\u00e9r\u00e9 par <a href=\"https:\/\/www.fedasil.be\/en\">F\u00c9DASIL<\/a>. Un jeune vivra dans ce centre<a href=\"#_ftn8\">[8]<\/a>\npendant que les autorit\u00e9s v\u00e9rifient leur identit\u00e9, leur \u00e2ge et d&#039;autres facteurs li\u00e9s \u00e0 leur demande de protection internationale, ainsi que pendant que les autorit\u00e9s recherchent un logement appropri\u00e9 \u00e0 plus long terme. Comme leur nom l&#039;indique, l&#039;objectif global en vivant dans ce centre de premi\u00e8re ligne est que les jeunes soient observ\u00e9s par les \u00e9ducateurs qui y travaillent, qui ont deux r\u00f4les : les accompagner dans leur premier mois en Belgique et faire des observations critiques sur afin de recueillir les informations appropri\u00e9es pour les placer au mieux dans leur prochain logement. Ils cherchent \u00e0 faire certaines observations, telles que des signes de traumatisme, d&#039;abus, des sensibilit\u00e9s personnelles, des liens avec des villes ou une r\u00e9gion sp\u00e9cifique en Belgique (peut-\u00eatre o\u00f9 se trouve un membre de la famille, ou o\u00f9 ils ont d\u00e9j\u00e0 un r\u00e9seau de soutien) ou d&#039;autres comportements ou des informations d&#039;identit\u00e9 susceptibles d&#039;\u00eatre pertinentes pour leur protection. De plus, leur \u00aborientation\u00bb est \u00e9galement un objectif, dans la mesure o\u00f9 ils commencent \u00e0 apprendre le mode de vie belge, re\u00e7oivent des cours de langue informels en fran\u00e7ais ou en flamand et s&#039;engagent dans des activit\u00e9s sociales et culturelles. Apr\u00e8s un s\u00e9jour d&#039;environ un mois dans ces centres, les jeunes sont transf\u00e9r\u00e9s dans des centres de plus longue dur\u00e9e, comme ceux dans lesquels nous travaillons et qui sont g\u00e9r\u00e9s par le <a href=\"https:\/\/accueil-migration.croix-rouge.be\/?fbclid=IwAR2TVU-r3q2MpQjBINaWffWF2KSbfixd2WewStAmyOENYpac6g0apDPEKv8\">Croix-Rouge belge<\/a>, o\u00f9 ils restent jusqu&#039;\u00e0 ce qu&#039;ils obtiennent une d\u00e9cision d&#039;asile positive ou jusqu&#039;\u00e0 ce qu&#039;ils aient 18 ans, selon la premi\u00e8re \u00e9ventualit\u00e9<\/p>\n\n\n\n<p>Ces centres de plus longue dur\u00e9e sont appel\u00e9s centres d&#039;accueil et d&#039;h\u00e9bergement de deuxi\u00e8me ligne pour demandeurs d&#039;asile car il s&#039;agit d&#039;un h\u00e9bergement temporaire pour les demandeurs d&#039;asile. Pour les jeunes femmes, il existe un centre de deuxi\u00e8me ligne enti\u00e8rement f\u00e9minin qui accueille \u00e9galement les femmes adultes ainsi que les moins de 18 ans. Pendant la dur\u00e9e de s\u00e9jour de ces personnes dans le centre, leur dossier d&#039;asile est en cours d&#039;examen. Si leur demande d&#039;asile est accept\u00e9e, ils s&#039;installeront dans le logement de troisi\u00e8me ligne, qui est un logement semi-ind\u00e9pendant. Si leur demande d&#039;asile est rejet\u00e9e, ce qui signifie que l&#039;\u00c9tat belge a d\u00e9cid\u00e9 que leur motivation pour demander une protection internationale n&#039;est pas valable selon leurs normes, ils doivent passer par un processus diff\u00e9rent. En tant que mineurs, il est interdit par la loi de les renvoyer involontairement dans leur pays d&#039;origine et sont donc autoris\u00e9s \u00e0 rester en Belgique jusqu&#039;\u00e0 l&#039;\u00e2ge de 18 ans. Pendant ce temps apr\u00e8s un premier refus d&#039;asile, les individus peuvent introduire un recours \u00e0 cette d\u00e9cision et suivent une longue proc\u00e9dure de recours, au cours de laquelle ils sont \u00e9galement autoris\u00e9s \u00e0 rester en Belgique. Dans ces deux voies, une fois qu&#039;un mineur atteint l&#039;\u00e2ge de 18 ans, son niveau de protection est consid\u00e9rablement r\u00e9duit. <\/p>\n\n\n\n<h5 class=\"wp-block-heading\"><a>Localisation des centres<\/a><\/h5>\n\n\n\n<div class=\"wp-block-image\"><figure class=\"aligncenter is-resized\"><img loading=\"lazy\" decoding=\"async\" src=\"https:\/\/sboverseas.org\/wp-content\/uploads\/2019\/12\/image-1.png\" alt=\"\" class=\"wp-image-17500\" width=\"470\" height=\"404\" srcset=\"https:\/\/sboverseas.org\/wp-content\/uploads\/2019\/12\/image-1.png 383w, https:\/\/sboverseas.org\/wp-content\/uploads\/2019\/12\/image-1-250x215.png 250w, https:\/\/sboverseas.org\/wp-content\/uploads\/2019\/12\/image-1-120x103.png 120w\" sizes=\"(max-width: 470px) 100vw, 470px\" \/><\/figure><\/div>\n\n\n\n<p>Une distinction pro\u00e9minente et importante concernant la vie des jeunes dans ces centres est que, bien qu&#039;ils vivent dans la capitale Bruxelles, les centres se trouvent dans quatre zones diff\u00e9rentes autour du centre-ville. Les centres de premi\u00e8re ligne sont situ\u00e9s dans les communes de 1) Neder-Over-Heembeek, qui est \u00e0 la fronti\u00e8re avec la r\u00e9gion flamande \u00e0 environ 10 km et \u00e0 la fois en bus et en m\u00e9tro du centre-ville et 2) Woluwe Saint-Pierre, au sud de la ville \u00e0 environ 5 km et un trajet en m\u00e9tro du centre-ville. On peut dire que des quatre, le centre de Neder-Over-Heembeek est le plus \u00e9loign\u00e9 spatialement. Les centres de deuxi\u00e8me ligne sont situ\u00e9s dans les communes de 1) Uccle, \u00e0 7 km et \u00e0 un tram du centre-ville et 2) Jette, \u00e0 environ 5 km et \u00e0 la fois un tram et un bus du centre-ville. <\/p>\n\n\n\n<h5 class=\"wp-block-heading\"><a>Environnement dans les centres<\/a><\/h5>\n\n\n\n<p>Parmi les centres situ\u00e9s dans les limites de la ville de Bruxelles qui accueillent ces jeunes, le nombre de r\u00e9sidents a vari\u00e9 tout au long des cinq ann\u00e9es du projet SB Espoir. Mais on peut estimer que depuis 2015, en moyenne, les centres ont tous atteint ou juste en dessous leur pleine capacit\u00e9. Les deux centres bruxellois de premi\u00e8re ligne accueillent en moyenne 60 jeunes r\u00e9sidents \u00e0 la fois. Pour le centre de deuxi\u00e8me ligne, les deux dans lesquels nous intervenons sont de taille assez diff\u00e9rente : par exemple, le centre 100 % f\u00e9minin accueille en moyenne plus de 80 personnes dont 12 sont des jeunes filles de moins de 18 ans (mais pas n\u00e9cessairement sans leur parent), tandis que le centre principalement masculin r\u00e9serv\u00e9 aux jeunes accueille environ 50 r\u00e9sidents. <\/p>\n\n\n\n<p>Les centres d&#039;h\u00e9bergement pour les jeunes \u00e0 Bruxelles varient en taille et en capacit\u00e9, mais pr\u00e9sentent certains \u00e9l\u00e9ments physiques coh\u00e9rents : espace pour manger, espace pour dormir, espaces s\u00e9par\u00e9s pour le temps libre ou espaces plus structur\u00e9s comprenant des salles de r\u00e9union et d&#039;accueil et d&#039;autres services d&#039;accompagnement. Parmi ceux-ci, le seul espace priv\u00e9 pour le jeune est sa chambre o\u00f9 il dort, qui est souvent encore partag\u00e9e avec 1 ou 2 autres personnes.<\/p>\n\n\n\n<p>Les espaces structur\u00e9s comprennent des salles de classe utilis\u00e9es pour la langue et l&#039;animation d&#039;autres cours et ateliers organis\u00e9s par les centres, des salles de r\u00e9union dans lesquelles les jeunes peuvent interagir en toute intimit\u00e9 avec leur assistant social, leur tuteur ou d&#039;autres invit\u00e9s. De plus, l&#039;accueil, le bureau du psychologue et l&#039;infirmi\u00e8re sont des lieux o\u00f9 les jeunes peuvent solliciter le soutien du personnel et des assistants sociaux des centres.\n<\/p>\n\n\n\n<p>Les assistants sociaux sont les personnes qui travaillent dans les centres FEDASIL pour la Croix-Rouge et accompagnent et soutiennent les jeunes dans leur quotidien. Chaque assistant social dans les centres de la Croix-Rouge travaille directement avec un groupe de jeunes tout au long de leur s\u00e9jour au centre, agissant comme leur principal point de contact. Dans les centres FEDASIL, ils sont appel\u00e9s \u00ab \u00e9ducateurs \u00bb et ce sont les personnes qui sont les points de contact au quotidien, mais qui ont aussi la t\u00e2che d&#039;observation comme cela a \u00e9t\u00e9 d\u00e9crit dans la section pr\u00e9c\u00e9dente. <\/p>\n\n\n\n<h3 class=\"wp-block-heading\"><a>Psycho-Social\u00a0: Sant\u00e9 mentale, \u00e9ducation et communaut\u00e9<\/a><\/h3>\n\n\n\n<p>Dans cette section, nous d\u00e9crirons l&#039;approche que SB Espoir adopte dans ses activit\u00e9s ainsi que l&#039;analyse th\u00e9orique et factuelle des jeunes r\u00e9fugi\u00e9s et de leurs besoins. Dans les centres FEDASIL de WSP et NOH, nous menons des activit\u00e9s ax\u00e9es sur l&#039;inclusion culturelle dans la communaut\u00e9 bruxelloise, des activit\u00e9s de soutien physique et psychosocial qui favorisent une sant\u00e9 mentale positive. Dans les centres de la Croix-Rouge d&#039;Uccle et de Jette, nous proposons des activit\u00e9s ax\u00e9es sur le bien-\u00eatre, des ateliers de savoir-\u00eatre et des exp\u00e9riences favorisant l&#039;autonomie ainsi que des activit\u00e9s de soutien physique et psychosocial.<\/p>\n\n\n\n<p>SB Espoir suit les trois principes d&#039;empathie, d&#039;autonomisation et d&#039;\u00e9galit\u00e9. Ces principes correspondent \u00e0 ce que les chercheurs ont conclu comme \u00e9tant les contributeurs n\u00e9cessaires \u00e0 l&#039;int\u00e9gration et \u00e0 l&#039;inclusion efficaces des jeunes r\u00e9fugi\u00e9s dans leur nouveau foyer. Cette revue de la litt\u00e9rature acad\u00e9mique existante sur l&#039;inclusion et l&#039;int\u00e9gration des jeunes r\u00e9fugi\u00e9s mineurs non accompagn\u00e9s expliquera pourquoi les activit\u00e9s de SB Espoir se concentrent sur ces trois principes. Entzinger et Biezeveld discutent des \u00ab quatre champs d&#039;int\u00e9gration \u00bb pratiques dans lesquels le processus d&#039;int\u00e9gration bilat\u00e9ral diff\u00e8re entre les quatre : socio-\u00e9conomique, culturel, juridique et politique, et les attitudes des soci\u00e9t\u00e9s b\u00e9n\u00e9ficiaires.<a href=\"#_ftn9\">[9]<\/a>\nSB Espoir s&#039;adresse principalement au domaine culturel de l&#039;int\u00e9gration du c\u00f4t\u00e9 des r\u00e9fugi\u00e9s eux-m\u00eames, mais travaille \u00e9galement \u00e0 am\u00e9liorer les attitudes des soci\u00e9t\u00e9s d&#039;accueil de l&#039;autre c\u00f4t\u00e9. Cette double approche est essentielle \u00e0 l&#039;inclusion des jeunes dans la soci\u00e9t\u00e9 belge. <\/p>\n\n\n\n<p>Notre accent sur l&#039;int\u00e9gration culturelle d\u00e9coule de la compr\u00e9hension que la seule int\u00e9gration socio-\u00e9conomique n&#039;est pas suffisante en soi pour une int\u00e9gration totale dans une nouvelle soci\u00e9t\u00e9 d&#039;origine. Comme le notent Entzinger et Biezeveld, &quot;il est devenu plus largement reconnu qu&#039;une certaine base commune est jug\u00e9e n\u00e9cessaire pour cr\u00e9er une atmosph\u00e8re de compr\u00e9hension mutuelle dans une soci\u00e9t\u00e9, m\u00eame si cette reconnaissance n&#039;implique pas automatiquement un appel \u00e0 une assimilation compl\u00e8te&quot;. <a href=\"#_ftn10\">[10]<\/a> Certains des indicateurs qu&#039;ils notent incluent le partage des valeurs de la soci\u00e9t\u00e9 d&#039;accueil, le contact avec la communaut\u00e9 locale et l&#039;acquisition et la pratique de la langue locale. <\/p>\n\n\n\n<h5 class=\"wp-block-heading\"><a>Empathie<\/a><\/h5>\n\n\n\n<p>Les effets du voyage clandestin qu&#039;effectuent de nombreux demandeurs d&#039;asile leur enl\u00e8vent souvent leur sentiment de s\u00e9curit\u00e9 et de s\u00fbret\u00e9, et persistent encore lorsqu&#039;ils ont obtenu un statut relativement stable dans le pays o\u00f9 ils demandent l&#039;asile. Compte tenu de cela, afin de s&#039;engager avec les jeunes demandeurs d&#039;asile dans un contexte confortable et accueillant, il est essentiel de cr\u00e9er un espace o\u00f9 ils ne ressentent pas les effets des limbes inh\u00e9rents au processus de demande d&#039;asile. Comme Nelson et al. remarque, \u00ab la personne reste dans un \u00e9tat d&#039;incertitude et d&#039;ins\u00e9curit\u00e9 qui est une cons\u00e9quence directe de l&#039;environnement sociopolitique actuel \u00bb.<a href=\"#_ftn11\">[11]<\/a>\nCette pr\u00e9occupation est particuli\u00e8rement importante pour les mineurs non accompagn\u00e9s car ils vivent un changement massif au cours de la phase de d\u00e9veloppement de leur vie. <\/p>\n\n\n\n<p>Faire preuve de respect et d&#039;empathie est donc essentiel pour fournir un environnement s\u00fbr pour un engagement significatif avec un individu dans ce contexte. Dans leur \u00e9tude de cas d&#039;Ali d&#039;Afghanistan, Nelson et al. soulignent sp\u00e9cifiquement que le travailleur social dans ce cas n&#039;interroge pas Ali sur son pass\u00e9 dans le but de ne pas menacer son sentiment de confiance.<a href=\"#_ftn12\">[12]<\/a>\nLe r\u00f4le du conseiller est bas\u00e9 sur les principes des droits de l&#039;homme et de la justice sociale, pour restaurer non seulement le sentiment personnel de s\u00e9curit\u00e9 d&#039;Ali, mais aussi son agence en tant qu&#039;individu. De notre exp\u00e9rience, nous avons appris que souvent les jeunes s&#039;ouvrent personnellement \u00e0 un ou deux de nos b\u00e9n\u00e9voles et partagent des informations sur eux-m\u00eames, leur vie \u00e0 la maison ou leur voyage en Belgique. Avoir cette interaction de cette mani\u00e8re leur redonne l&#039;agence de leur histoire et aussi leur capacit\u00e9 et leur volont\u00e9 de partager de mani\u00e8re organique peut \u00e9galement \u00eatre une \u00e9tape positive pour surmonter un traumatisme personnel.&nbsp; <\/p>\n\n\n\n<h5 class=\"wp-block-heading\"><a>Autonomisation<\/a><\/h5>\n\n\n\n<p>Comme l&#039;ont not\u00e9 Derlyun et Vervliet<a href=\"#_ftn13\">[13]<\/a>\nle sentiment d&#039;\u00eatre seul sans famille autour d&#039;eux est une pression suppl\u00e9mentaire de la psychologie de la jeunesse. Les observations de nos b\u00e9n\u00e9voles et de notre personnel au cours des cinq derni\u00e8res ann\u00e9es ont indiqu\u00e9 que les jeunes ont le sens de la responsabilit\u00e9 d&#039;avoir une bonne vie le plus t\u00f4t possible afin d&#039;all\u00e9ger le fardeau de leurs parents. Essentiellement, cette responsabilit\u00e9 consiste \u00e0 assurer \u00e0 leurs parents que le choix d&#039;envoyer leurs enfants mineurs \u00e0 l&#039;\u00e9tranger \u00e9tait la bonne d\u00e9cision. Les vuln\u00e9rabilit\u00e9s psychologiques de ces jeunes ne signifient pas qu&#039;ils sont des \u00ab\u00a0enfants \u00e0 probl\u00e8mes\u00a0\u00bb en raison de leur risque de d\u00e9tresse psychologique\u00a0; mais plut\u00f4t comme,<\/p>\n\n\n\n<p>&quot;<em>\u2026&#039;des enfants normaux dans des situations anormales&#039;. Cela signifie, premi\u00e8rement, que ces enfants ne sont pas intrins\u00e8quement vuln\u00e9rables au d\u00e9veloppement de probl\u00e8mes de sant\u00e9 mentale, mais que les situations dans lesquelles ils se trouvent, maintenant et dans le pass\u00e9, sont susceptibles d&#039;\u00e9voquer cette vuln\u00e9rabilit\u00e9. Deuxi\u00e8mement, ce point de vue implique que les soins et le soutien apport\u00e9s \u00e0 ces enfants ne devraient pas seulement se concentrer sur leurs probl\u00e8mes, mais \u2013 au contraire \u2013 devraient mettre l&#039;accent sur leurs forces et leurs comp\u00e9tences.<a href=\"#_ftn14\"><strong>[14]<\/strong><\/a><\/em><\/p>\n\n\n\n<p>Renforcer leur capacit\u00e9 \u00e0 d\u00e9couvrir et \u00e0 poursuivre leurs objectifs et passions personnels est donc important non seulement pour leur permettre d&#039;atteindre ces attentes, mais aussi de conserver leurs int\u00e9r\u00eats et aspirations personnels en attendant. Dans SB Espoir, les activit\u00e9s ax\u00e9es sur l&#039;autonomisation visent \u00e0 ce que les jeunes puissent explorer leurs propres comp\u00e9tences en cuisine, r\u00e9paration, langage, peinture, etc. et \u00eatre plus courageux pour saisir les opportunit\u00e9s professionnelles qui contribuent \u00e0 l&#039;objectif g\u00e9n\u00e9ral d&#039;am\u00e9liorer leur situation psychosociale.<\/p>\n\n\n\n<h5 class=\"wp-block-heading\"><a>\u00c9galit\u00e9<\/a><\/h5>\n\n\n\n<p>Nelson et al. discuter \u00e9galement de la fa\u00e7on dont le plaidoyer, dans le sens de d\u00e9fendre les valeurs des droits de l&#039;homme et de promouvoir la justice sociale, est inh\u00e9rent au travail social, en particulier avec les demandeurs d&#039;asile mineurs non accompagn\u00e9s.<a href=\"#_ftn15\"><sup>[15]<\/sup><\/a> Dans le Cambridge Handbook on Acculturation Psychology, il est not\u00e9 qu&#039;&quot;un niveau \u00e9lev\u00e9 de stress psychologique ressenti \u00e0 un stade pr\u00e9coce de l&#039;acculturation augmente la vuln\u00e9rabilit\u00e9 non seulement \u00e0 l&#039;inadaptation psychologique ult\u00e9rieure, mais aussi \u00e0 l&#039;exposition \u00e0 long terme et\/ou aux perceptions de l&#039;ethnicit\u00e9&quot;. discrimination, montrant la r\u00e9ciprocit\u00e9 du lien entre discrimination per\u00e7ue et lien de bien-\u00eatre.<a href=\"#_ftn16\"><sup>[16]<\/sup><\/a> La discrimination a \u00e9galement \u00e9t\u00e9 associ\u00e9e \u00e0 une augmentation des facteurs de stress pour les mineurs non accompagn\u00e9s qui peuvent entra\u00eener une d\u00e9t\u00e9rioration de la sant\u00e9 psychologique, en particulier comme le montre une \u00e9tude r\u00e9alis\u00e9e avec des mineurs non accompagn\u00e9s en Belgique.<a href=\"#_ftn17\"><sup>[17]<\/sup><\/a> Gr\u00e2ce \u00e0 l&#039;implication de volontaires locaux ainsi que d&#039;entreprises et d&#039;organisations locales en tant que partenaires des activit\u00e9s, nous appliquons les concepts de la th\u00e9orie du contact<a href=\"#_ftn18\"><sup>[18]<\/sup><\/a> o\u00f9 les sociologues soutiennent qu&#039;entre deux groupes qui peuvent avoir des sentiments discriminatoires potentiels l&#039;un envers l&#039;autre, le contact social aide \u00e0 diminuer ces perceptions discriminatoires. <\/p>\n\n\n\n<h3 class=\"wp-block-heading\"><a>Juridique : Asile et protection de l&#039;enfance<\/a><\/h3>\n\n\n\n<h5 class=\"wp-block-heading\"><a>Politique de l&#039;\u00e2ge<\/a><\/h5>\n\n\n\n<p>Le jeune r\u00e9fugi\u00e9 solitaire est un amalgame de concepts contradictoires : celui de r\u00e9fugi\u00e9, un individu qui cherche \u00e0 \u00eatre prot\u00e9g\u00e9 mais qui constitue une menace pour l&#039;\u00c9tat et doit \u00eatre surveill\u00e9 de pr\u00e8s ; et celle d&#039;un enfant, qui est une victime et doit \u00eatre guid\u00e9 et prot\u00e9g\u00e9. S\u00e9par\u00e9ment, ces \u00e9l\u00e9ments sont difficiles \u00e0 prendre en compte pour l&#039;\u00c9tat, mais particuli\u00e8rement lorsque ces \u00e9l\u00e9ments sont combin\u00e9s\u00a0; ils ont \u00e9t\u00e9 nomm\u00e9s \u00ab les enfants d&#039;Arendt \u00bb par Jacqueline Bhabha mais reproduits par d&#039;autres analysant l&#039;immobilit\u00e9 des jeunes mobiles.<a href=\"#_ftn19\">[19]<\/a> Il d\u00e9crit en gros ceux qui sont mineurs et qui sont de jure ou de facto sans droits, parce que leur existence n&#039;est pas reconnue ou prot\u00e9g\u00e9e par l&#039;\u00c9tat.<a href=\"#_ftn20\">[20]<\/a> Le soutien aux jeunes ayant besoin de protection repose sur la repr\u00e9sentation occidentale des enfants comme innocents et vuln\u00e9rables<a href=\"#_ftn21\">[21]<\/a>; McLaughlin soutient que si l&#039;individu ne se conforme pas \u00e0 ces conceptions occidentales de l&#039;enfance, alors il n&#039;est pas consid\u00e9r\u00e9 comme ayant besoin de protection : \u00ab Cela a nui non seulement \u00e0 leur r\u00e9alit\u00e9 g\u00e9opolitique complexe en tant que migrants sans papiers, mais aussi \u00e0 une politique l&#039;asile qui d\u00e9termine qui est consid\u00e9r\u00e9 comme un r\u00e9fugi\u00e9 digne de ce nom, m\u00e9ritant une protection et qui est criminalis\u00e9 en tant que non-citoyen sans papiers.<a href=\"#_ftn22\">[22]<\/a> <\/p>\n\n\n\n<p>Bhabha utilise les param\u00e8tres de l&#039;ONU qui d\u00e9finissent un mineur comme &quot;tout \u00eatre humain \u00e2g\u00e9 de moins de dix-huit ans, sauf si, en vertu de la loi applicable \u00e0 l&#039;enfant, la majorit\u00e9 est atteinte plus t\u00f4t&quot;.<a href=\"#_ftn23\">[23]<\/a> Cela adopte une vision universaliste de l&#039;enfance et ne tient pas compte de la relativit\u00e9 culturelle de la fa\u00e7on dont une enfance est comprise.<a href=\"#_ftn24\">[24]<\/a> Suivre un indicateur chronologique pour l&#039;\u00e2ge est \u00e0 la fois significatif et non significatif, soutient Crawley, de deux mani\u00e8res\u00a0: premi\u00e8rement, l&#039;\u00e2ge civil n&#039;est pas enregistr\u00e9 par certains gouvernements, ce qui oblige les gouvernements qui exigent une telle documentation \u00e0 estimer les anniversaires (Crawley 2007 p. 21)\u00a0; et deuxi\u00e8mement, que pour les jeunes demandeurs d&#039;asile, leurs revendications d&#039;\u00e2ge ne sont pas crues. Il a observ\u00e9 cela dans la pratique au Royaume-Uni, o\u00f9 il a document\u00e9 que &quot;des commentaires ont \u00e9t\u00e9 faits sur la l\u00e9gitimit\u00e9 des besoins des enfants avant que des informations de base n&#039;aient \u00e9t\u00e9 recueillies sur leurs exp\u00e9riences&quot;.<a href=\"#_ftn25\">[25]<\/a> Alors que le trait\u00e9 des Nations Unies relatif aux droits de l&#039;enfant est l&#039;un des accords internationaux les plus largement ratifi\u00e9s, cette d\u00e9limitation de l&#039;\u00e2ge comme indicateur de l&#039;enfance est devenue probl\u00e9matique, en particulier dans le cas des r\u00e9fugi\u00e9s - nous examinerons cette complexit\u00e9 li\u00e9e \u00e0 la d\u00e9termination de l&#039;\u00e2ge dans la section des \u00e9tudes de cas.<a href=\"#_ftn26\">[26]<\/a> <\/p>\n\n\n\n<h5 class=\"wp-block-heading\"><a>Prouver l&#039;\u00e2ge<\/a><\/h5>\n\n\n\n<p>En tant qu&#039;\u00c9tat membre de l&#039;UE g\u00e9ographiquement situ\u00e9 dans la partie nord-ouest du continent, la Belgique est historiquement un pays d&#039;\u00e9tablissement, mais aussi de plus en plus de transit.<a href=\"#_ftn27\">[27]<\/a>\nCe changement de profil combin\u00e9 \u00e0 des imp\u00e9ratifs accrus de s\u00e9curisation des pays voisins et \u00e0 des motivations politiques au sein de la Belgique ont provoqu\u00e9 une augmentation de l&#039;attention du public pour la migration en Belgique.<a href=\"#_ftn28\">[28]<\/a>\nAvec ce changement, il y a eu une augmentation notable du nombre de jeunes r\u00e9fugi\u00e9s voyageant seuls qui arrivent en Belgique et veulent demander l&#039;asile<a href=\"#_ftn29\">[29]<\/a>. En 2017, plus de 3 000 jeunes r\u00e9fugi\u00e9s ont \u00e9t\u00e9 identifi\u00e9s comme \u00e9tant seuls, dont environ 1 000 ont demand\u00e9 l&#039;asile ; sur ces 3 000, plus de 80 % \u00e9taient des hommes<a href=\"#_ftn30\">[30]<\/a>&nbsp; et 60 % d&#039;entre eux avaient 16 ou 17 ans.<a href=\"#_ftn31\">[31]<\/a>\nCette section illustrera la politique r\u00e9gissant la vie des jeunes r\u00e9fugi\u00e9s en Belgique, puis notera les applications pratiques de la politique pour identifier le lien entre un \u00e9cart de protection et la s\u00e9curisation. <\/p>\n\n\n\n<p><strong><em>Dans la politique <\/em><\/strong><\/p>\n\n\n\n<p>Conform\u00e9ment \u00e0 la Convention des Nations Unies sur les r\u00e9fugi\u00e9s, au RAEC et \u00e0 la l\u00e9gislation nationale belge en mati\u00e8re d&#039;asile, ainsi qu&#039;\u00e0 la Convention des Nations Unies relative aux droits de l&#039;enfant<a href=\"#_ftn32\">[32]<\/a> un jeune r\u00e9fugi\u00e9 peut d\u00e9poser une demande d&#039;asile \u00e0 la fronti\u00e8re, sur le territoire ou d\u00e8s la d\u00e9tention et \u00e0 chaque point, l&#039;enregistrement est effectu\u00e9 soit par la police, soit par l&#039;Office des \u00e9trangers.<a href=\"#_ftn33\">[33]<\/a> Les r\u00e9fugi\u00e9s identifi\u00e9s comme mineurs ainsi que les autres groupes vuln\u00e9rables ne sont pas d\u00e9tenus par principe et leur vuln\u00e9rabilit\u00e9 doit \u00eatre d\u00e9termin\u00e9e au cours du processus d&#039;enregistrement\u00a0; si un jeune r\u00e9fugi\u00e9 s&#039;est identifi\u00e9 comme mineur, mais que l&#039;Office des \u00e9trangers ou la police doute de la validit\u00e9 de cette demande, l&#039;individu peut \u00eatre d\u00e9tenu et renvoy\u00e9 pour une \u00e9valuation de son \u00e2ge<a href=\"#_ftn34\">[34]<\/a>. L\u2019\u00e9valuation de l\u2019\u00e2ge est un examen physique pour d\u00e9terminer l\u2019\u00e2ge chronologique : <\/p>\n\n\n\n<p><em>\u00ab Les \u00e9valuations de l&#039;\u00e2ge en Belgique consistent en des scans des dents, du poignet et de la clavicule d&#039;une personne. Suite aux critiques autour de l&#039;exactitude du test m\u00e9dical d&#039;\u00e9tablissement de l&#039;\u00e2ge des enfants non occidentaux par l&#039;Ordre des M\u00e9decins, une marge d&#039;erreur de 2 ans est prise en compte. Cela signifie que seul un enfant auto-d\u00e9clar\u00e9 qui est test\u00e9 pour avoir 20 ans sera enregistr\u00e9 comme adulte \u00bb<\/em><a href=\"#_ftn35\"><em><strong>[35]<\/strong><\/em><\/a><em> <\/em><\/p>\n\n\n\n<p>Un demandeur peut faire appel de l&#039;\u00e9valuation de l&#039;\u00e2ge s&#039;il constate qu&#039;elle n&#039;est pas exacte et pendant ce temps, il est soit d\u00e9tenu, soit h\u00e9berg\u00e9 dans un centre d&#039;observation et d&#039;orientation.<a href=\"#_ftn36\">[36]<\/a> <\/p>\n\n\n\n<p><strong><em>En pratique <\/em><\/strong>&nbsp;<\/p>\n\n\n\n<p>Les jeunes r\u00e9fugi\u00e9s sont syst\u00e9matiquement d\u00e9tenus \u00e0 la fronti\u00e8re \u00e0 leur arriv\u00e9e en Belgique en raison d&#039;un manque de protocoles d&#039;identification suffisants \u00e0 la fronti\u00e8re, ce qui signifie que : &quot;aucune \u00e9valuation de la vuln\u00e9rabilit\u00e9 n&#039;a lieu avant d&#039;\u00eatre d\u00e9tenue, donc leur vuln\u00e9rabilit\u00e9 n&#039;est pas toujours connue des autorit\u00e9s d&#039;asile&quot;.<a href=\"#_ftn37\">[37]<\/a> Les droits accord\u00e9s aux mineurs ne s&#039;appliquent qu&#039;une fois que les autorit\u00e9s belges ont d\u00e9cid\u00e9 qu&#039;il existe suffisamment de preuves pour prouver qu&#039;ils sont effectivement mineurs.<a href=\"#_ftn38\">[38]<\/a> L&#039;imp\u00e9ratif politique est qu&#039;un jeune r\u00e9fugi\u00e9 doit prouver qu&#039;il est digne de protection sur la base d&#039;une \u00e9valuation purement chronologique et n\u00e9cessitant une d\u00e9termination pr\u00e9cise. Cette focalisation occidentale sur l&#039;\u00e2ge est apparente dans les cas de jeunes r\u00e9fugi\u00e9s ne connaissant pas eux-m\u00eames leur \u00e2ge exact. Cela devient non seulement un probl\u00e8me pour l&#039;auto-identification, mais s&#039;ils sont capables de s&#039;identifier en tant qu&#039;enfant, ils ne sont pas en mesure de fournir les documents attendus par les autorit\u00e9s belges\u00a0: <\/p>\n\n\n\n<p><em>\u00ab La Somalie et l&#039;Afghanistan, deux des principales nationalit\u00e9s d&#039;enfants non accompagn\u00e9s arriv\u00e9s en Europe ces derni\u00e8res ann\u00e9es, sont des pays o\u00f9 plusieurs fonctions de base d&#039;un \u00c9tat, comme l&#039;enregistrement des naissances, ne fonctionnent pas bien depuis plusieurs d\u00e9cennies maintenant. Pour de nombreux enfants non accompagn\u00e9s, cela cr\u00e9e des difficult\u00e9s insurmontables pour prouver leur \u00e2ge avec des documents officiels, et m\u00eame si des documents sont disponibles, les autorit\u00e9s migratoires des pays europ\u00e9ens remettent souvent en question leur validit\u00e9 en raison de la corruption g\u00e9n\u00e9ralis\u00e9e dans de nombreux pays d&#039;o\u00f9 sont originaires les r\u00e9fugi\u00e9s\u2026 \u00bb<\/em><a href=\"#_ftn39\"><em><strong>[39]<\/strong><\/em><\/a><em><\/em><\/p>\n\n\n\n<p>En 2017, sur les 697 \u00e9valuations d&#039;\u00e2ge qui ont \u00e9t\u00e9 effectu\u00e9es, 491 se sont av\u00e9r\u00e9es \u00e2g\u00e9es de plus de 18 ans.<a href=\"#_ftn40\">[40]<\/a> Cela repr\u00e9sente un taux de rejet de plus de 70 % parmi les jeunes r\u00e9fugi\u00e9s qui se sont identifi\u00e9s comme mineurs ; les r\u00e9fugi\u00e9s peuvent faire appel de la d\u00e9cision, mais celle-ci n&#039;est pas suspensive et peut \u00eatre longue \u00e0 faire appel, et par eux l&#039;individua ; pourrait avoir 18 ans.<a href=\"#_ftn41\">[41]<\/a> Ce taux \u00e9lev\u00e9 pourrait \u00eatre illustratif de deux ph\u00e9nom\u00e8nes : soit les tests de d\u00e9termination de l&#039;\u00e2ge sont insuffisants, soit que les protections pour les jeunes r\u00e9fugi\u00e9s de plus de 18 ans sont si peu nombreuses qu&#039;ils pr\u00e9f\u00e8rent \u00eatre consid\u00e9r\u00e9s comme des enfants plut\u00f4t que de ne pas recevoir de protection. Pour le premier ph\u00e9nom\u00e8ne, il y a eu de nombreuses critiques du processus de d\u00e9termination de l&#039;\u00e2ge qui est uniquement m\u00e9dical : <\/p>\n\n\n\n<p><em>&quot;Plusieurs \u00e9tudes ont soulign\u00e9 le caract\u00e8re probl\u00e9matique de l&#039;utilisation de limites d&#039;\u00e2ge chronologiques pr\u00e9cises et ont remis en question la validit\u00e9, l&#039;exactitude et la pertinence \u00e9thique des estimations d&#039;\u00e2ge, tant d&#039;un point de vue socio-scientifique que psychologique&quot;<\/em><a href=\"#_ftn42\"><em><strong>[42]<\/strong><\/em><\/a> <\/p>\n\n\n\n<p>Les lignes directrices de l&#039;EASO sur la d\u00e9termination de l&#039;\u00e2ge recommandent que les tests m\u00e9dicaux incluant l&#039;exposition aux rayonnements soient l&#039;option de dernier recours, apr\u00e8s une \u00e9valuation psychologique et un examen physique.<a href=\"#_ftn43\">[43]<\/a> Le rapport, cependant, indique \u00e9galement que ce test d&#039;\u00e9valuation de l&#039;\u00e2ge rel\u00e8ve des devoirs de protection de l&#039;\u00c9tat, plut\u00f4t que de leurs imp\u00e9ratifs de s\u00e9curit\u00e9; les chercheurs ne sont pas d&#039;accord : <\/p>\n\n\n\n<p><em>\u00ab Bien que les mineurs soient d\u00e9sign\u00e9s comme un groupe vuln\u00e9rable, leurs histoires et leurs d\u00e9clarations sont simultan\u00e9ment examin\u00e9es \u00e0 la recherche d&#039;inexactitudes ou d&#039;\u00e9l\u00e9ments faux. Les all\u00e9gations d&#039;\u00e2ge en particulier sont accueillies avec suspicion et deviennent le site d&#039;une enqu\u00eate m\u00e9dicale.<\/em><a href=\"#_ftn44\"><em><strong>[44]<\/strong><\/em><\/a> <\/p>\n\n\n\n<p>Le deuxi\u00e8me ph\u00e9nom\u00e8ne possible, \u00e0 savoir que les jeunes r\u00e9fugi\u00e9s de plus de 18 ans choisissent de se pr\u00e9senter comme des mineurs pour b\u00e9n\u00e9ficier d&#039;un traitement pr\u00e9f\u00e9rentiel, expose les niveaux relativement \u00e9lev\u00e9s de protection des mineurs et le manque relatif de protection pour ceux qui ont plus de 18 ans et sont consid\u00e9r\u00e9s comme des adultes seuls. Une fa\u00e7on de comprendre cela est de regarder les proc\u00e9dures sp\u00e9ciales pour ceux que la Belgique accepte comme mineurs. D\u00e8s lors qu&#039;il est prouv\u00e9 \u00e0 suffisance qu&#039;il a moins de 18 ans, il se voit attribuer un tuteur et est transf\u00e9r\u00e9 dans un centre d&#039;h\u00e9bergement de longue dur\u00e9e au cours duquel deux proc\u00e9dures peuvent \u00eatre appliqu\u00e9es pour trouver une \u00ab solution durable \u00bb ; la premi\u00e8re est la proc\u00e9dure r\u00e9guli\u00e8re d&#039;asile et la seconde est une \u00e9valuation de l&#039;int\u00e9r\u00eat sup\u00e9rieur, expliqu\u00e9e par De Graeve et Derluyn :<\/p>\n\n\n\n<p><em>\u00ab Cette solution durable peut \u00eatre (par ordre de priorit\u00e9) : (1) le regroupement avec la famille du MNA, (2) le retour au pays d&#039;origine, et (3) le s\u00e9jour d\u00e9finitif en Belgique, lorsque les deux autres options ne peuvent \u00eatre r\u00e9alis\u00e9es\u2026 apr\u00e8s au moins une p\u00e9riode de trois ans dans cette proc\u00e9dure, et \u00e0 condition que la personne soit encore mineure, poss\u00e8de une carte d&#039;identit\u00e9 valide du pays de naissance et montre qu&#039;elle est int\u00e9gr\u00e9e dans le pays d&#039;accueil (par exemple, en fr\u00e9quentant l&#039;\u00e9cole une base r\u00e9guli\u00e8re)<\/em>\u201d<a href=\"#_ftn45\">[45]<\/a><\/p>\n\n\n\n<p>En cr\u00e9ant ce syst\u00e8me qui est l\u00e9gal et soutenu par l&#039;UE et l&#039;ONU<a href=\"#_ftn46\">[46]<\/a>, le cas de la Belgique \u00ab illustre l&#039;ambigu\u00eft\u00e9 du cadre politique actuel qui semble incertain quant \u00e0 savoir s&#039;il faut punir ou aider, pr\u00e9parer le retour ou s&#039;int\u00e9grer \u00bb<a href=\"#_ftn47\">[47]<\/a> L&#039;\u00c9tat belge reste en conformit\u00e9 avec la Convention des Nations Unies relative aux droits de l&#039;enfant, s&#039;il peut exclure les jeunes r\u00e9fugi\u00e9s de l&#039;acc\u00e8s \u00e0 ces droits en d\u00e9terminant qu&#039;ils ne sont plus des enfants aux yeux de l&#039;\u00c9tat. <\/p>\n\n\n\n<h3 class=\"wp-block-heading\"><a>Conclusion <\/a>&amp; d&#039;autres mesures<\/h3>\n\n\n\n<p>Bien que ce rapport soit destin\u00e9 \u00e0 fournir une base des connaissances que nous avons acquises au cours des cinq derni\u00e8res ann\u00e9es, il constitue un point de d\u00e9part pour d&#039;autres recherches critiques li\u00e9es \u00e0 l&#039;accompagnement des jeunes r\u00e9fugi\u00e9s \u00e0 Bruxelles. Ce rapport a soulign\u00e9 que si les jeunes r\u00e9fugi\u00e9s ont le droit l\u00e9gal \u00e0 la protection et au soutien, en tant qu&#039;individus, leurs droits sont remis en question par l&#039;\u00c9tat. Cet obstacle \u00e0 l&#039;acc\u00e8s \u00e0 leurs droits exerce une pression ext\u00e9rieure suppl\u00e9mentaire sur leur situation d\u00e9j\u00e0 intense. <\/p>\n\n\n\n<p>Deux aspects de l&#039;ins\u00e9curit\u00e9 nous pr\u00e9occupent particuli\u00e8rement : <\/p>\n\n\n\n<p>              <strong>+ <\/strong>les jeunes viennent principalement de pays qui sont moins susceptibles d&#039;\u00eatre reconnus comme r\u00e9fugi\u00e9s (selon les statistiques de reconnaissance du CGRA), mais il y a un manque de m\u00e9canisme de soutien pour ceux qui sont refus\u00e9s et en outre pour ceux qui atteignent l&#039;\u00e2ge de 18 ans et sont refus\u00e9s, leur donnant peu d&#039;options pour trouver un logement s\u00fbr pour leur avenir ; et&nbsp; <\/p>\n\n\n\n<p>               <strong>+ <\/strong>il a \u00e9t\u00e9 prouv\u00e9 que le contr\u00f4le accru de l&#039;\u00e2ge et des demandes d&#039;asile des jeunes exerce une pression psychologique suppl\u00e9mentaire sur eux, entra\u00eenant une ins\u00e9curit\u00e9 prolong\u00e9e dans leur vie. <\/p>\n\n\n\n<p>Afin de r\u00e9pondre \u00e0 ces pr\u00e9occupations, nous continuerons \u00e0 travailler sur les points suivants\u00a0: <\/p>\n\n\n\n<p>                 <strong>+ <\/strong> surveiller l&#039;application de la loi telle qu&#039;elle est pr\u00e9vue dans le respect du droit des jeunes \u00e0 demander une protection internationale, quel que soit leur \u00e2ge ou leur nationalit\u00e9 ; <\/p>\n\n\n\n<p>                 <strong>+<\/strong> plaidant pour l&#039;am\u00e9lioration de la proc\u00e9dure d&#039;examen de leur demande de protection internationale afin d&#039;\u00e9viter de prolonger leur ins\u00e9curit\u00e9 personnelle et leur sentiment d&#039;incertitude ; et<\/p>\n\n\n\n<p>                 <strong>+ <\/strong>informer le public sur la situation des jeunes r\u00e9fugi\u00e9s \u00e0 Bruxelles par la diffusion active d&#039;informations, par le partage de rapports comme celui-ci avec des plateformes qui s&#039;engagent aupr\u00e8s d&#039;acteurs r\u00e9gionaux et internationaux.<\/p>\n\n\n\n<p>En tant que SB Overseas, notre priorit\u00e9 concr\u00e8te est d&#039;accompagner ces jeunes dans les parcours \u00e9prouvants d\u00e9crits dans ce rapport. Bien que nous ayons une orientation psychosociale dans nos activit\u00e9s, nous reconnaissons que dans certains cas, toute mesure positive que nous pouvons aider les jeunes \u00e0 prendre dans leur bien-\u00eatre personnel, un appel t\u00e9l\u00e9phonique ou un document des autorit\u00e9s belges pourrait les faire reculer de 10 pas. Pour cette raison, comme parce que nous avons le privil\u00e8ge d&#039;\u00eatre au centre politique de l&#039;Europe et d&#039;avoir acc\u00e8s aux d\u00e9cideurs \u00e0 Bruxelles et dans le monde, nous consid\u00e9rons qu&#039;il est de notre devoir de les sensibiliser aux circonstances que vivent ces jeunes due principalement \u00e0 des d\u00e9cisions politiques. Avec la publication de rapports ult\u00e9rieurs dans les mois suivants, cette entreprise se poursuit dans le but de faire entrer les histoires de ces jeunes dans ces espaces politiques et sociaux pour faire de leur r\u00e9cit le r\u00e9cit dominant. <\/p>\n\n\n\n<p><em><a href=\"https:\/\/drive.google.com\/file\/d\/1EONnJheaHFO09ff8aVhjb_IU-hlP98CP\/view?usp=sharing\">T\u00e9l\u00e9charger une copie de ce rapport <\/a><\/em><\/p>\n\n\n\n<hr class=\"wp-block-separator\"\/>\n\n\n\n<p class=\"has-small-font-size\"><a href=\"#_ftnref1\">[1]<\/a> On appelle le plus souvent les jeunes des centres \u00ab les jeunes \u00bb, \u00e0 la fois une traduction commode du fran\u00e7ais \u00ab les jeunes \u00bb et un terme s\u00e9par\u00e9 des signifiants sp\u00e9cifiques d&#039;adulte ou d&#039;enfant, concept qui \u00eatre explor\u00e9 dans une section ult\u00e9rieure. <\/p>\n\n\n\n<p class=\"has-small-font-size\"><a href=\"#_ftnref2\">[2]<\/a> D&#039;un point de vue technique, les jeunes dans les centres ont soit \u00e9t\u00e9 pr\u00e9alablement identifi\u00e9s par les autorit\u00e9s avec lesquelles ils sont entr\u00e9s en contact comme \u00e9tant \u00e2g\u00e9s de moins de 18 ans, soit les jeunes se sont identifi\u00e9s eux-m\u00eames comme ayant moins de 18 ans. <\/p>\n\n\n\n<p class=\"has-small-font-size\"><a href=\"#_ftnref3\">[3]<\/a> Cette donn\u00e9e d\u00e9mographique majoritairement masculine a \u00e9galement \u00e9t\u00e9 rapport\u00e9e par le HCR, dans la mesure o\u00f9 le pourcentage d\u2019hommes \u00e9tait de 89% en 2015, 84% en 2016, 86% en 2017 et 82% en 2018, comme indiqu\u00e9 dans UNHCR (2019) \u00ab Vers Une Protection Renforc\u00e9e des Enfants Non-Accompagn\u00e9s et S\u00e9par\u00e9s en Belgique : \u00c9tat des lieux et recommandations \u00bb pg 17 Disponible sur <a href=\"https:\/\/www.refworld.org\/docid\/5d70d4304.html\">https:\/\/www.refworld.org\/docid\/5d70d4304.html<\/a>&nbsp; <\/p>\n\n\n\n<p class=\"has-small-font-size\"><a href=\"#_ftnref4\">[4]<\/a> HCR (2019) \u00ab Vers Une Protection Renforc\u00e9e des Enfants Non-Accompagn\u00e9s et S\u00e9par\u00e9s en Belgique : \u00c9tat des lieux et recommandations \u00bb Disponible sur <a href=\"https:\/\/www.refworld.org\/docid\/5d70d4304.html\">https:\/\/www.refworld.org\/docid\/5d70d4304.html<\/a>&nbsp; <\/p>\n\n\n\n<p class=\"has-small-font-size\"><a href=\"#_ftnref5\">[5]<\/a> Les personnes ayant le statut de r\u00e9fugi\u00e9 en Belgique re\u00e7oivent un permis de s\u00e9jour de cinq ans, puis ont la possibilit\u00e9 de recevoir une carte de s\u00e9jour illimit\u00e9e. Les personnes b\u00e9n\u00e9ficiant de la protection subsidiaire en Belgique re\u00e7oivent une autorisation de s\u00e9jour d&#039;une dur\u00e9e d&#039;un an, apr\u00e8s quoi la situation dans leur pays d&#039;origine est \u00e9valu\u00e9e avant d&#039;\u00eatre prolong\u00e9e d&#039;une ann\u00e9e suppl\u00e9mentaire, puis de deux ann\u00e9es suivantes.<\/p>\n\n\n\n<p class=\"has-small-font-size\"><a href=\"#_ftnref6\">[6]<\/a> AIDA \u2013 Asylum Information Database (2019) \u00ab Country Report: Belgium \u00bb disponible sur <a href=\"http:\/\/www.asylumineurope.org\/sites\/default\/files\/report-download\/aida_be_2018update.pdf\">http:\/\/www.asylumineurope.org\/sites\/default\/files\/report-download\/aida_be_2018update.pdf<\/a><\/p>\n\n\n\n<p class=\"has-small-font-size\"><a href=\"#_ftnref7\">[7]<\/a> Derluyn, Ilse (2018) \u00ab Une analyse critique de la cr\u00e9ation de structures de soins s\u00e9par\u00e9es pour les mineurs r\u00e9fugi\u00e9s non accompagn\u00e9s \u00bb <em>Examen des services \u00e0 l&#039;enfance et \u00e0 la jeunesse <\/em>92 p.22-29<\/p>\n\n\n\n<p class=\"has-small-font-size\"><a href=\"#_ftnref8\">[8]<\/a> Bien que ce ne soit pas quelque chose avec lequel nous interagissons dans le projet SB Espoir, il a \u00e9t\u00e9 document\u00e9 par des d\u00e9fenseurs locaux et le HCR que des jeunes sont \u00e9galement plac\u00e9s dans des centres de d\u00e9tention en attendant leur placement dans des centres de premi\u00e8re ligne.<\/p>\n\n\n\n<p class=\"has-small-font-size\"><a href=\"#_ftnref9\">[9]<\/a> Entzinger, Hans &amp; Biezeveld, Renske (2003) &quot;Benchmarking in Immigrant Integration&quot; <em>Centre europ\u00e9en de recherche sur les migrations et les relations ethniques, <\/em>Universit\u00e9 Erasme de Rotterdam, p. 19 <\/p>\n\n\n\n<p class=\"has-small-font-size\"><a href=\"#_ftnref10\">[10]<\/a> Entzinger et Biezevel (2003) p. 22<\/p>\n\n\n\n<p class=\"has-small-font-size\"><a href=\"#_ftnref11\">[11]<\/a> Nelson, Deborah; Prix, \u00c9lisabeth\u00a0; Zubrzycki, Joanna (2017) \u00ab\u00a0Travail social critique aupr\u00e8s de jeunes demandeurs d&#039;asile non accompagn\u00e9s\u00a0:\u00a0Restaurer l&#039;espoir, l&#039;agence et le sens pour le client et le travailleur\u00a0\u00bb, <em>Travail social international<\/em>. Vol. 60(3) p. 601-613<\/p>\n\n\n\n<p class=\"has-small-font-size\"><a href=\"#_ftnref12\">[12]<\/a> Nelson et al. (2017)<\/p>\n\n\n\n<p class=\"has-small-font-size\"><a href=\"#_ftnref13\">[13]<\/a> Derluyn, Ilse et Marianne Vervliet (2012) \u00ab\u00a0Le bien-\u00eatre des mineurs r\u00e9fugi\u00e9s non accompagn\u00e9s\u00a0\u00bb. In In\u00e9galit\u00e9s de sant\u00e9 et facteurs de risque chez les migrants et les minorit\u00e9s ethniques, \u00e9d. David Ingleby, Allen Krasnik, Vincent Lorant et Oliver Razum, 1:95\u2013109. Anvers, Belgique ; Appeldoorn, Pays-Bas : Garant<\/p>\n\n\n\n<p class=\"has-small-font-size\"><a href=\"#_ftnref14\">[14]<\/a> Derluyn et Vervliet (2012) <\/p>\n\n\n\n<p class=\"has-small-font-size\"><a href=\"#_ftnref15\">[15]<\/a> Nelson et al (2017) p. 609<\/p>\n\n\n\n<p class=\"has-small-font-size\"><a href=\"#_ftnref16\">[16]<\/a> Sam , DL , Jasinskaja-Lahti , I , Ryder , AG &amp; Hassan , G (2016) \u00ab Health and Well-being \u00bb in DL Sam &amp; JW Berry (eds) , \u00ab The Cambridge Handbook of Acculturation Psychology \u00bb, 2<sup>nd<\/sup> \u00e9dition. Presse universitaire de Cambridge. page 20<\/p>\n\n\n\n<p class=\"has-small-font-size\"><a href=\"#_ftnref17\">[17]<\/a> Vervliet, Marianne; Lammertyn, Jan\u00a0; Broekaert; Derluyn, Ilse (2014) \u00ab Suivi longitudinal de la sant\u00e9 mentale des mineurs r\u00e9fugi\u00e9s non accompagn\u00e9s \u00bb <em>Eur p\u00e9dopsychiatrie de l&#039;adolescence<\/em> 23; p. 337\u2013346<\/p>\n\n\n\n<p class=\"has-small-font-size\"><a href=\"#_ftnref18\">[18]<\/a> Miller, Norman (2002) &quot;La personnalisation et la promesse de la th\u00e9orie des contacts.&quot; Journal des questions sociales 58(2): 387-410.<\/p>\n\n\n\n<p class=\"has-small-font-size\"><a href=\"#_ftnref19\">[19]<\/a> Bhabha, Jacqueline (2009) &quot;Les enfants d&#039;Arendt\u00a0: les enfants migrants d&#039;aujourd&#039;hui ont-ils le droit d&#039;avoir des droits\u00a0?&quot;. Revue trimestrielle des droits de l&#039;homme 31.2\u00a0:\u00a0410-451\u00a0; Meloni, Francesca; Rousseau, C\u00e9cile; Montgomery, Catherine; et Measham, Toby (2013) \u00ab Enfants d&#039;exception : red\u00e9finir les cat\u00e9gories d&#039;ill\u00e9galit\u00e9 et de citoyennet\u00e9 au Canada \u00bb Enfants et soci\u00e9t\u00e9 p. 1-11<\/p>\n\n\n\n<p class=\"has-small-font-size\"><a href=\"#_ftnref20\">[20]<\/a> Bhabha (2009) p. 414<\/p>\n\n\n\n<p class=\"has-small-font-size\"><a href=\"#_ftnref21\">[21]<\/a> Aitken, Stuart. 2001. \u00ab Crises mondiales de l&#039;enfance : droits, justice et enfant non enfantin \u00bb. Zone 33 (2): 119\u2013127.<\/p>\n\n\n\n<p class=\"has-small-font-size\"><a href=\"#_ftnref22\">[22]<\/a> McLaughlin, Carly (2018) &quot;Ils ne ressemblent pas \u00e0 des enfants&quot;: les enfants demandeurs d&#039;asile, l&#039;amendement Dubs et la politique de l&#039;enfance, Journal of Ethnic and Migration Studies, 44:11, 1757-1773<\/p>\n\n\n\n<p class=\"has-small-font-size\"><a href=\"#_ftnref23\">[23]<\/a> Convention des Nations Unies relative aux droits de l&#039;enfant (1989) Nations Unies, <em>S\u00e9rie des trait\u00e9s<\/em>, vol. 1577, p. 3, disponible sur : <a href=\"https:\/\/www.refworld.org\/docid\/3ae6b38f0.html\">https:\/\/www.refworld.org\/docid\/3ae6b38f0.html<\/a>&nbsp; <\/p>\n\n\n\n<p class=\"has-small-font-size\"><a href=\"#_ftnref24\">[24]<\/a> Derluyn, Ilse &amp; Broekaert (2008) \u00ab\u00a0Enfants et adolescents r\u00e9fugi\u00e9s non accompagn\u00e9s\u00a0: le contraste flagrant entre une perspective juridique et une perspective psychologique\u00a0\u00bb International Journal of Law and Psychiatry 31 p.320\u00a0; Crawley, Ciel (2007). <em>Quand est-ce qu&#039;un enfant n&#039;est pas un enfant. Asile, conflits d&#039;\u00e2ge et processus d&#039;\u00e2ge<\/em>. p. 18<\/p>\n\n\n\n<p class=\"has-small-font-size\"><a href=\"#_ftnref25\">[25]<\/a> Crawley (2007) p. 27<\/p>\n\n\n\n<p class=\"has-small-font-size\"><a href=\"#_ftnref26\">[26]<\/a> Bhabha (2009)<\/p>\n\n\n\n<p class=\"has-small-font-size\"><a href=\"#_ftnref27\">[27]<\/a> ACRA (2018); Carretero, Leslie (2018) \u00ab La Belgique annonce des plans pour enfermer les migrants en transit \u00bb INFOMIGRANTS disponible sur <a href=\"http:\/\/www.infomigrants.net\/en\/post\/11931\/belgium-announces-plans-to-lock-up-migrants-in-transit\">http:\/\/www.infomigrants.net\/en\/post\/11931\/belgium-announces-plans-to-lock-up-migrants-in-transit<\/a> <\/p>\n\n\n\n<p class=\"has-small-font-size\"><a href=\"#_ftnref28\">[28]<\/a> Torfs, Micha\u00ebl (2018) \u00ab Le Royaume-Uni va aider la Belgique \u00e0 lutter contre la migration de transit <a href=\"https:\/\/www.vrt.be\/vrtnws\/en\/2018\/02\/27\/u_k_to_help_out_belgiumtoclampdownontransitmigration-1-3154282\/\">https:\/\/www.vrt.be\/vrtnws\/en\/2018\/02\/27\/u_k_to_help_out_belgiumtoclampdownontransitmigration-1-3154282\/<\/a><\/p>\n\n\n\n<p class=\"has-small-font-size\"><a href=\"#_ftnref29\">[29]<\/a> Bien que cela ne soit pas directement li\u00e9 au sujet de cet article, il convient de noter que bon nombre des personnes qui tentent d&#039;atteindre le Royaume-Uni sont de jeunes r\u00e9fugi\u00e9s qui dorment dans des points de transit en Belgique. Cela a \u00e9t\u00e9 remarqu\u00e9 et signal\u00e9 par des ONG travaillant dans toute la Belgique (MPI 2018)<\/p>\n\n\n\n<p class=\"has-small-font-size\"><a href=\"#_ftnref30\">[30]<\/a> AIDA (2018) p. 46<\/p>\n\n\n\n<p class=\"has-small-font-size\"><a href=\"#_ftnref31\">[31]<\/a> De Graeve &amp; Derluyn 2017, p. 1<\/p>\n\n\n\n<p class=\"has-small-font-size\"><a href=\"#_ftnref32\">[32]<\/a> ACRA (2018); De Graeve, Katrien &amp; Derluyn, Ilse (2017) \u00ab Entre contr\u00f4le de l&#039;immigration et protection de l&#039;enfance : les mineurs non accompagn\u00e9s en Belgique \u00bb <em>Travail social et soci\u00e9t\u00e9 <\/em>15 (1)<\/p>\n\n\n\n<p class=\"has-small-font-size\"><a href=\"#_ftnref33\">[33]<\/a> AIDA (2018) p. 39<\/p>\n\n\n\n<p class=\"has-small-font-size\"><a href=\"#_ftnref34\">[34]<\/a> ACRA (2018); De Graeve et Derluyn (2017) p. 2\u00a0; Hjern, Anders; Ascher, Henri; Vervliet, Marianne &amp; Derluyn, Ilse (2015) &quot;Identification\u00a0: \u00e9valuation de l&#039;\u00e2ge et de l&#039;identit\u00e9&quot; <em>Manuel de recherche sur la migration des enfants<\/em>, 281-293<\/p>\n\n\n\n<p class=\"has-small-font-size\"><a href=\"#_ftnref35\">[35]<\/a> ACRA (2018) p.45-46<\/p>\n\n\n\n<p class=\"has-small-font-size\"><a href=\"#_ftnref36\">[36]<\/a> ACRA (2019); De Graeve et Derluyn (2017) p. 2<\/p>\n\n\n\n<p class=\"has-small-font-size\"><a href=\"#_ftnref37\">[37]<\/a> AIDA (2018) p. 41<\/p>\n\n\n\n<p class=\"has-small-font-size\"><a href=\"#_ftnref38\">[38]<\/a> ACRA (2018); De Graeve &amp; Derluyn (2017); Hjern et al. (2015)<\/p>\n\n\n\n<p class=\"has-small-font-size\"><a href=\"#_ftnref39\">[39]<\/a> Hjern et al. (2015) p. 282<\/p>\n\n\n\n<p class=\"has-small-font-size\"><a href=\"#_ftnref40\">[40]<\/a> EMN \u2013 Point de contact belge (2018) \u00ab Rapport annuel 2017 sur la migration et l&#039;asile en Belgique \u00bb <em>R\u00e9seau europ\u00e9en des migrations<\/em> disponible \u00e0&nbsp; <a href=\"https:\/\/emnbelgium.be\/sites\/default\/files\/publications\/FINAL_BE%20EMN%20NCP_ARM%202017_Part%20II_0.pdf\">https:\/\/emnbelgium.be\/sites\/default\/files\/publications\/FINAL_BE%20EMN%20NCP_ARM%202017_Part%20II_0.pdf<\/a><\/p>\n\n\n\n<p class=\"has-small-font-size\"><a href=\"#_ftnref41\">[41]<\/a>\nAIDA (2018)<\/p>\n\n\n\n<p class=\"has-small-font-size\"><a href=\"#_ftnref42\">[42]<\/a> De Graeve et Derluyn (2017) p. 8<\/p>\n\n\n\n<p class=\"has-small-font-size\"><a href=\"#_ftnref43\">[43]<\/a> EASO \u2013 Bureau europ\u00e9en d&#039;appui en mati\u00e8re d&#039;asile (2018) \u00ab\u00a0Guide pratique de l&#039;EASO sur l&#039;\u00e9valuation de l&#039;\u00e2ge\u00a0\u00bb Deuxi\u00e8me \u00e9dition disponible sur <a href=\"https:\/\/www.easo.europa.eu\/sites\/default\/files\/easo-practical-guide-on-age-assesment-v3-2018.pdf\">https:\/\/www.easo.europa.eu\/sites\/default\/files\/easo-practical-guide-on-age-assesment-v3-2018.pdf<\/a>\n<\/p>\n\n\n\n<p class=\"has-small-font-size\"><a href=\"#_ftnref44\">[44]<\/a> De Graeve et Derluyn (2017) p. 5<\/p>\n\n\n\n<p class=\"has-small-font-size\"><a href=\"#_ftnref45\">[45]<\/a> De Graeve et Derluyn (2017) p.2<\/p>\n\n\n\n<p class=\"has-small-font-size\"><a href=\"#_ftnref46\">[46]<\/a> Feltz, Viven (2015) \u00ab\u00a0\u00c9VALUATION DE L&#039;\u00c2GE DES MINEURS NON ACCOMPAGN\u00c9S Quand les pays europ\u00e9ens refusent aux enfants leur enfance\u00a0\u00bb <em>Rapport du r\u00e9seau international de M\u00e9decins du monde<\/em><\/p>\n\n\n\n<p class=\"has-small-font-size\"><a href=\"#_ftnref47\">[47]<\/a> De Graeve et Derluyn (2017) p. 5<\/p>\n\n\n\n<p><\/p>","protected":false},"excerpt":{"rendered":"<p>Apr\u00e8s cinq ann\u00e9es de soutien aux jeunes r\u00e9fugi\u00e9s vivant \u00e0 Bruxelles \u00e0 travers des activit\u00e9s de soutien psychosocial, un engagement aupr\u00e8s de la communaut\u00e9 locale et une exposition \u00e0 des comp\u00e9tences et \u00e0 des opportunit\u00e9s futures, ce rapport pr\u00e9sente les observations critiques de la pr\u00e9carit\u00e9 dans la vie de ces jeunes. La discussion aborde trois \u00e9l\u00e9ments de protection que nous consid\u00e9rons n\u00e9cessaires \u00e0 la s\u00e9curit\u00e9 personnelle des jeunes dans cette situation pr\u00e9caire\u00a0: un espace de vie physique positif, un environnement de soutien et d&#039;orientation psychologiques et le respect de leurs droits en mati\u00e8re de demande de protection internationale.<\/p>","protected":false},"author":162,"featured_media":17139,"comment_status":"closed","ping_status":"closed","sticky":true,"template":"","format":"standard","meta":{"_et_pb_use_builder":"","_et_pb_old_content":"","_et_gb_content_width":"","footnotes":""},"categories":[140,137],"tags":[83,239,125,240],"class_list":["post-17120","post","type-post","status-publish","format-standard","has-post-thumbnail","hentry","category-awareness","category-belgium","tag-brussels","tag-press-release","tag-sb-espoir","tag-world-migrant-day"],"yoast_head":"<!-- This site is optimized with the Yoast SEO plugin v25.2 - https:\/\/yoast.com\/wordpress\/plugins\/seo\/ -->\n<title>REPORT: Young Refugees living in reception &amp; accommodation centres in Brussels - SBO - D\u00e9veloppement Durable &amp; Aide Humanitaire<\/title>\n<meta name=\"robots\" content=\"index, follow, max-snippet:-1, max-image-preview:large, max-video-preview:-1\" \/>\n<link rel=\"canonical\" href=\"http:\/\/sboverseas.org\/fr\/report-young-refugees-living-in-reception-accommodation-centres-in-brussels\/\" \/>\n<meta property=\"og:locale\" content=\"fr_FR\" \/>\n<meta property=\"og:type\" content=\"article\" \/>\n<meta property=\"og:title\" content=\"REPORT: Young Refugees living in reception &amp; accommodation centres in Brussels - SBO - D\u00e9veloppement Durable &amp; Aide Humanitaire\" \/>\n<meta property=\"og:description\" content=\"Following five years of supporting young refugees living in Brussels through psychosocial support activities, engagement with the local community and providing exposure to skills and future opportunities, this report presents the critical observations of the precarity in the lives these young people. The discussion engages with three elements of protection that we consider necessary for the personal security of young people in this precarious situation: a positive physical living space, an environment of psychological support and guidance and the adherence to their rights in seeking international protection.\" \/>\n<meta property=\"og:url\" content=\"http:\/\/sboverseas.org\/fr\/report-young-refugees-living-in-reception-accommodation-centres-in-brussels\/\" \/>\n<meta property=\"og:site_name\" content=\"SBO - D\u00e9veloppement Durable &amp; Aide Humanitaire\" \/>\n<meta property=\"article:published_time\" content=\"2019-12-01T08:00:50+00:00\" \/>\n<meta property=\"og:image\" content=\"https:\/\/sboverseas.org\/wp-content\/uploads\/2019\/11\/Untitled-design-1.png\" \/>\n\t<meta property=\"og:image:width\" content=\"1920\" \/>\n\t<meta property=\"og:image:height\" content=\"1080\" \/>\n\t<meta property=\"og:image:type\" content=\"image\/png\" \/>\n<meta name=\"author\" content=\"admin\" \/>\n<meta name=\"twitter:card\" content=\"summary_large_image\" \/>\n<meta name=\"twitter:label1\" content=\"\u00c9crit par\" \/>\n\t<meta name=\"twitter:data1\" content=\"admin\" \/>\n\t<meta name=\"twitter:label2\" content=\"Dur\u00e9e de lecture est.\" \/>\n\t<meta name=\"twitter:data2\" content=\"32 minutes\" \/>\n<script type=\"application\/ld+json\" class=\"yoast-schema-graph\">{\"@context\":\"https:\/\/schema.org\",\"@graph\":[{\"@type\":\"WebPage\",\"@id\":\"http:\/\/sboverseas.org\/fr\/report-young-refugees-living-in-reception-accommodation-centres-in-brussels\/\",\"url\":\"http:\/\/sboverseas.org\/fr\/report-young-refugees-living-in-reception-accommodation-centres-in-brussels\/\",\"name\":\"REPORT: Young Refugees living in reception & accommodation centres in Brussels - SBO - D\u00e9veloppement Durable &amp; Aide Humanitaire\",\"isPartOf\":{\"@id\":\"https:\/\/sboverseas.org\/#website\"},\"primaryImageOfPage\":{\"@id\":\"http:\/\/sboverseas.org\/fr\/report-young-refugees-living-in-reception-accommodation-centres-in-brussels\/#primaryimage\"},\"image\":{\"@id\":\"http:\/\/sboverseas.org\/fr\/report-young-refugees-living-in-reception-accommodation-centres-in-brussels\/#primaryimage\"},\"thumbnailUrl\":\"https:\/\/sboverseas.org\/wp-content\/uploads\/2019\/11\/Untitled-design-1.png\",\"datePublished\":\"2019-12-01T08:00:50+00:00\",\"author\":{\"@id\":\"https:\/\/sboverseas.org\/#\/schema\/person\/798cbdc4f79ea3b1324971e880f7317d\"},\"inLanguage\":\"fr-BE\",\"potentialAction\":[{\"@type\":\"ReadAction\",\"target\":[\"http:\/\/sboverseas.org\/fr\/report-young-refugees-living-in-reception-accommodation-centres-in-brussels\/\"]}]},{\"@type\":\"ImageObject\",\"inLanguage\":\"fr-BE\",\"@id\":\"http:\/\/sboverseas.org\/fr\/report-young-refugees-living-in-reception-accommodation-centres-in-brussels\/#primaryimage\",\"url\":\"https:\/\/sboverseas.org\/wp-content\/uploads\/2019\/11\/Untitled-design-1.png\",\"contentUrl\":\"https:\/\/sboverseas.org\/wp-content\/uploads\/2019\/11\/Untitled-design-1.png\",\"width\":1920,\"height\":1080},{\"@type\":\"WebSite\",\"@id\":\"https:\/\/sboverseas.org\/#website\",\"url\":\"https:\/\/sboverseas.org\/\",\"name\":\"SBO - D\u00e9veloppement Durable &amp; Aide Humanitaire\",\"description\":\"Give Hope\",\"potentialAction\":[{\"@type\":\"SearchAction\",\"target\":{\"@type\":\"EntryPoint\",\"urlTemplate\":\"https:\/\/sboverseas.org\/?s={search_term_string}\"},\"query-input\":{\"@type\":\"PropertyValueSpecification\",\"valueRequired\":true,\"valueName\":\"search_term_string\"}}],\"inLanguage\":\"fr-BE\"},{\"@type\":\"Person\",\"@id\":\"https:\/\/sboverseas.org\/#\/schema\/person\/798cbdc4f79ea3b1324971e880f7317d\",\"name\":\"admin\",\"image\":{\"@type\":\"ImageObject\",\"inLanguage\":\"fr-BE\",\"@id\":\"https:\/\/sboverseas.org\/#\/schema\/person\/image\/\",\"url\":\"https:\/\/secure.gravatar.com\/avatar\/63861348f82d85942901b19542593f8585b87f5bd53fd3c961e6defc2462d6ac?s=96&d=mm&r=g\",\"contentUrl\":\"https:\/\/secure.gravatar.com\/avatar\/63861348f82d85942901b19542593f8585b87f5bd53fd3c961e6defc2462d6ac?s=96&d=mm&r=g\",\"caption\":\"admin\"},\"sameAs\":[\"https:\/\/sboverseas.org\"],\"url\":\"https:\/\/sboverseas.org\/fr\/author\/admin\/\"}]}<\/script>\n<!-- \/ Yoast SEO plugin. -->","yoast_head_json":{"title":"REPORT: Young Refugees living in reception & accommodation centres in Brussels - SBO - D\u00e9veloppement Durable &amp; Aide Humanitaire","robots":{"index":"index","follow":"follow","max-snippet":"max-snippet:-1","max-image-preview":"max-image-preview:large","max-video-preview":"max-video-preview:-1"},"canonical":"http:\/\/sboverseas.org\/fr\/report-young-refugees-living-in-reception-accommodation-centres-in-brussels\/","og_locale":"fr_FR","og_type":"article","og_title":"REPORT: Young Refugees living in reception & accommodation centres in Brussels - SBO - D\u00e9veloppement Durable &amp; Aide Humanitaire","og_description":"Following five years of supporting young refugees living in Brussels through psychosocial support activities, engagement with the local community and providing exposure to skills and future opportunities, this report presents the critical observations of the precarity in the lives these young people. The discussion engages with three elements of protection that we consider necessary for the personal security of young people in this precarious situation: a positive physical living space, an environment of psychological support and guidance and the adherence to their rights in seeking international protection.","og_url":"http:\/\/sboverseas.org\/fr\/report-young-refugees-living-in-reception-accommodation-centres-in-brussels\/","og_site_name":"SBO - D\u00e9veloppement Durable &amp; Aide Humanitaire","article_published_time":"2019-12-01T08:00:50+00:00","og_image":[{"width":1920,"height":1080,"url":"https:\/\/sboverseas.org\/wp-content\/uploads\/2019\/11\/Untitled-design-1.png","type":"image\/png"}],"author":"admin","twitter_card":"summary_large_image","twitter_misc":{"\u00c9crit par":"admin","Dur\u00e9e de lecture est.":"32 minutes"},"schema":{"@context":"https:\/\/schema.org","@graph":[{"@type":"WebPage","@id":"http:\/\/sboverseas.org\/fr\/report-young-refugees-living-in-reception-accommodation-centres-in-brussels\/","url":"http:\/\/sboverseas.org\/fr\/report-young-refugees-living-in-reception-accommodation-centres-in-brussels\/","name":"REPORT: Young Refugees living in reception & accommodation centres in Brussels - SBO - D\u00e9veloppement Durable &amp; Aide Humanitaire","isPartOf":{"@id":"https:\/\/sboverseas.org\/#website"},"primaryImageOfPage":{"@id":"http:\/\/sboverseas.org\/fr\/report-young-refugees-living-in-reception-accommodation-centres-in-brussels\/#primaryimage"},"image":{"@id":"http:\/\/sboverseas.org\/fr\/report-young-refugees-living-in-reception-accommodation-centres-in-brussels\/#primaryimage"},"thumbnailUrl":"https:\/\/sboverseas.org\/wp-content\/uploads\/2019\/11\/Untitled-design-1.png","datePublished":"2019-12-01T08:00:50+00:00","author":{"@id":"https:\/\/sboverseas.org\/#\/schema\/person\/798cbdc4f79ea3b1324971e880f7317d"},"inLanguage":"fr-BE","potentialAction":[{"@type":"ReadAction","target":["http:\/\/sboverseas.org\/fr\/report-young-refugees-living-in-reception-accommodation-centres-in-brussels\/"]}]},{"@type":"ImageObject","inLanguage":"fr-BE","@id":"http:\/\/sboverseas.org\/fr\/report-young-refugees-living-in-reception-accommodation-centres-in-brussels\/#primaryimage","url":"https:\/\/sboverseas.org\/wp-content\/uploads\/2019\/11\/Untitled-design-1.png","contentUrl":"https:\/\/sboverseas.org\/wp-content\/uploads\/2019\/11\/Untitled-design-1.png","width":1920,"height":1080},{"@type":"WebSite","@id":"https:\/\/sboverseas.org\/#website","url":"https:\/\/sboverseas.org\/","name":"SBO - D\u00e9veloppement Durable &amp; Aide Humanitaire","description":"Give Hope","potentialAction":[{"@type":"SearchAction","target":{"@type":"EntryPoint","urlTemplate":"https:\/\/sboverseas.org\/?s={search_term_string}"},"query-input":{"@type":"PropertyValueSpecification","valueRequired":true,"valueName":"search_term_string"}}],"inLanguage":"fr-BE"},{"@type":"Person","@id":"https:\/\/sboverseas.org\/#\/schema\/person\/798cbdc4f79ea3b1324971e880f7317d","name":"admin","image":{"@type":"ImageObject","inLanguage":"fr-BE","@id":"https:\/\/sboverseas.org\/#\/schema\/person\/image\/","url":"https:\/\/secure.gravatar.com\/avatar\/63861348f82d85942901b19542593f8585b87f5bd53fd3c961e6defc2462d6ac?s=96&d=mm&r=g","contentUrl":"https:\/\/secure.gravatar.com\/avatar\/63861348f82d85942901b19542593f8585b87f5bd53fd3c961e6defc2462d6ac?s=96&d=mm&r=g","caption":"admin"},"sameAs":["https:\/\/sboverseas.org"],"url":"https:\/\/sboverseas.org\/fr\/author\/admin\/"}]}},"_links":{"self":[{"href":"https:\/\/sboverseas.org\/fr\/wp-json\/wp\/v2\/posts\/17120","targetHints":{"allow":["GET"]}}],"collection":[{"href":"https:\/\/sboverseas.org\/fr\/wp-json\/wp\/v2\/posts"}],"about":[{"href":"https:\/\/sboverseas.org\/fr\/wp-json\/wp\/v2\/types\/post"}],"author":[{"embeddable":true,"href":"https:\/\/sboverseas.org\/fr\/wp-json\/wp\/v2\/users\/162"}],"replies":[{"embeddable":true,"href":"https:\/\/sboverseas.org\/fr\/wp-json\/wp\/v2\/comments?post=17120"}],"version-history":[{"count":0,"href":"https:\/\/sboverseas.org\/fr\/wp-json\/wp\/v2\/posts\/17120\/revisions"}],"wp:featuredmedia":[{"embeddable":true,"href":"https:\/\/sboverseas.org\/fr\/wp-json\/wp\/v2\/media\/17139"}],"wp:attachment":[{"href":"https:\/\/sboverseas.org\/fr\/wp-json\/wp\/v2\/media?parent=17120"}],"wp:term":[{"taxonomy":"category","embeddable":true,"href":"https:\/\/sboverseas.org\/fr\/wp-json\/wp\/v2\/categories?post=17120"},{"taxonomy":"post_tag","embeddable":true,"href":"https:\/\/sboverseas.org\/fr\/wp-json\/wp\/v2\/tags?post=17120"}],"curies":[{"name":"wp","href":"https:\/\/api.w.org\/{rel}","templated":true}]}}